{"id":66067,"date":"2026-04-19T22:27:48","date_gmt":"2026-04-19T20:27:48","guid":{"rendered":"https:\/\/www.emartsoccer.es\/?p=66067"},"modified":"2026-04-19T22:27:48","modified_gmt":"2026-04-19T20:27:48","slug":"exito-de-tano-bonnin-con-el-barletta-al-ascender-a-la-serie-c-italiana","status":"publish","type":"post","link":"https:\/\/www.emartsoccer.es\/en\/exito-de-tano-bonnin-con-el-barletta-al-ascender-a-la-serie-c-italiana\/","title":{"rendered":"\u00c9xito de Tano Bonn\u00edn con el Barletta al ascender a la Serie C italiana"},"content":{"rendered":"<p>Despu\u00e9s de que el pasado curso se le espacara el ascenso\u00a0 a la<strong> Serie C<\/strong> con el <strong>Fidelis Andria<\/strong> en el &#8216;play-off&#8217;, <strong>Tano Bonn\u00edn (Palma de Mallorca,<\/strong> 30 de junio de 1990) no ha fallado esta campa\u00f1a con el <strong>Barletta<\/strong> y se ha proclamado campe\u00f3n del grupo G de la<strong> Serie D<\/strong>. El central hispanodominicano, que tuvo mucho protagonismo en el eje de la zaga en la primera vuelta, logra ascender de manera directa con tres jornadas de antelaci\u00f3n. De este modo,<strong> el zaguero regresa a una Serie C que ya disput\u00f3 hace tres campa\u00f1as en las filas del Brindisi.<\/strong><\/p>\n<p><strong>Tano Bonn\u00edn<\/strong>, central con experiencia en <strong>LaLiga<\/strong> de la mano de <strong>CA Osasuna<\/strong>, suma el segundo ascenso de su carrera tras el logrado precisamente con el cuadro rojillo en la temporada 2015-16. El defensor, que suma su cuarta temporada en el f\u00fatbol italiano (tercera de manera consecutiva) <strong>ha disputado esta campa\u00f1a 15 encuentros, uno de ellos copero, y ha anotado una diana: con \u00e9l en el terreno de juego, el Barletta solo ha perdido tres partidos.<\/strong><\/p>\n<p>El zaguero, que ya nos reconoci\u00f3 el pasado curso que <a href=\"https:\/\/www.emartsoccer.es\/tano-bonnin-me-encuentro-bien-fisicamente-y-creo-que-me-quedan-muchos-anos-de-futbol\/\">consideraba que le quedan muchos a\u00f1os de f\u00fatbol<\/a>, festeja un logro m\u00e1s que merecido en una carrera que ha tenido momentos buenos y no tan buenos, como una dura lesi\u00f3n cuando jugaba en <strong>CA Osasuna.<\/strong> Despu\u00e9s de un \u00e9xito como este, <strong>Tano Bonn\u00edn quiere continuar demostrando que a\u00fan tiene mucho que decir en el f\u00fatbol.<\/strong> \u00a1Muchas felicidades, <strong>Tano<\/strong>! \u00a1Estamos orgullosos de este logro tan merecido!<\/p>\n","protected":false},"excerpt":{"rendered":"<p>Despu\u00e9s de que el pasado curso se le espacara el ascenso\u00a0 a la Serie C con el Fidelis Andria en el &#8216;play-off&#8217;, Tano Bonn\u00edn (Palma de Mallorca, 30 de junio de 1990) no ha fallado esta campa\u00f1a con el Barletta y se ha proclamado campe\u00f3n del grupo G de la Serie D. El central hispanodominicano, [&hellip;]<\/p>\n","protected":false},"author":7,"featured_media":66068,"comment_status":"closed","ping_status":"closed","sticky":false,"template":"","format":"standard","meta":{"footnotes":""},"categories":[594],"tags":[695],"class_list":["post-66067","post","type-post","status-publish","format-standard","has-post-thumbnail","hentry","category-noticia-masculino","tag-tano-bonnin"],"_links":{"self":[{"href":"https:\/\/www.emartsoccer.es\/en\/wp-json\/wp\/v2\/posts\/66067","targetHints":{"allow":["GET"]}}],"collection":[{"href":"https:\/\/www.emartsoccer.es\/en\/wp-json\/wp\/v2\/posts"}],"about":[{"href":"https:\/\/www.emartsoccer.es\/en\/wp-json\/wp\/v2\/types\/post"}],"author":[{"embeddable":true,"href":"https:\/\/www.emartsoccer.es\/en\/wp-json\/wp\/v2\/users\/7"}],"replies":[{"embeddable":true,"href":"https:\/\/www.emartsoccer.es\/en\/wp-json\/wp\/v2\/comments?post=66067"}],"version-history":[{"count":1,"href":"https:\/\/www.emartsoccer.es\/en\/wp-json\/wp\/v2\/posts\/66067\/revisions"}],"predecessor-version":[{"id":66070,"href":"https:\/\/www.emartsoccer.es\/en\/wp-json\/wp\/v2\/posts\/66067\/revisions\/66070"}],"wp:featuredmedia":[{"embeddable":true,"href":"https:\/\/www.emartsoccer.es\/en\/wp-json\/wp\/v2\/media\/66068"}],"wp:attachment":[{"href":"https:\/\/www.emartsoccer.es\/en\/wp-json\/wp\/v2\/media?parent=66067"}],"wp:term":[{"taxonomy":"category","embeddable":true,"href":"https:\/\/www.emartsoccer.es\/en\/wp-json\/wp\/v2\/categories?post=66067"},{"taxonomy":"post_tag","embeddable":true,"href":"https:\/\/www.emartsoccer.es\/en\/wp-json\/wp\/v2\/tags?post=66067"}],"curies":[{"name":"wp","href":"https:\/\/api.w.org\/{rel}","templated":true}]}}