{"id":66063,"date":"2026-04-19T21:26:54","date_gmt":"2026-04-19T19:26:54","guid":{"rendered":"https:\/\/www.emartsoccer.es\/?p=66063"},"modified":"2026-04-19T21:26:54","modified_gmt":"2026-04-19T19:26:54","slug":"la-ue-sant-andreu-asciende-a-primera-rfef-con-alexis-garcia-como-uno-de-los-grandes-protagonistas","status":"publish","type":"post","link":"https:\/\/www.emartsoccer.es\/en\/la-ue-sant-andreu-asciende-a-primera-rfef-con-alexis-garcia-como-uno-de-los-grandes-protagonistas\/","title":{"rendered":"La UE Sant Andreu asciende a Primera RFEF con Alexis Garc\u00eda como uno de los grandes protagonistas"},"content":{"rendered":"<p>Ya tenemos un ascenso m\u00e1s a <strong>Primera RFEF<\/strong> de un miembro de la familia <strong>Emart&amp;Soccer<\/strong>. Despu\u00e9s de que lo consiguiera <a href=\"https:\/\/www.emartsoccer.es\/hector-areosa-asciende-a-primera-rfef-con-el-rc-depor-fabril\/\"><strong>H\u00e9ctor Areosa<\/strong> el pasado fin de semana con el filial del <strong>RC Deportivo de la Coru\u00f1a<\/strong><\/a>, <strong>esta vez ha sido el turno de Alexis Garc\u00eda (Parets del Vall\u00e8s, Barcelona, 1 de noviembre de 1997) con la UE Sant Andreu.<\/strong> El conjunto barcelon\u00e9s pudo firmar su ascenso la pasada jornada ante el <strong>Valencia Mestalla<\/strong>, pero pinch\u00f3 en<strong> Paterna<\/strong> (2-1), con lo que aplaz\u00f3 la celebraci\u00f3n una semana. Esta vez no ha fallado y ha sumado los tres puntos necesarios contra el<strong> Reus FC Reddis<\/strong> (2-1) para firmar la consecuci\u00f3n de campeonato del grupo 3 de <strong>Segunda RFEF<\/strong> a falta de tres jornadas para la conclusi\u00f3n de la liga regular.<\/p>\n<p><strong>Alexis Garc\u00eda<\/strong>, que vive su segunda etapa en la<strong> UE Sant Andreu<\/strong> despu\u00e9s de regresar al <strong>Narc\u00eds Sala<\/strong> este pasado verano tras un curso en el <strong>UCAM Murcia<\/strong>, logra su gran objetivo. El de <strong>Parets del Vall\u00e8s<\/strong>, uno de los extremos m\u00e1s desequilibrantes de toda la <strong>Segunda RFEF<\/strong>, ten\u00eda entre ceja y ceja el ascenso a la categor\u00eda de bronce del f\u00fatbol espa\u00f1ol, algo que ha logrado siendo uno de los grandes protagonistas: <strong>nueve goles y siete asistencias en 2.300 minutos en 31 encuentros disputados, 27 de ellos como titular.<\/strong> Adem\u00e1s de ello, dio un pase de gol y marc\u00f3 una diana en los dos duelos que su equipo disput\u00f3 en Copa del Rey, siendo uno de los grandes protagonistas en el partido correspondiente a la segunda ronda en el que el <strong>RC Celta de Vigo<\/strong> solo pudo con la <strong>UE Sant Andreu<\/strong> en la tanda de penaltis (7-8) tras el empate a uno final.<\/p>\n<p>Se trata del primer gran exito en la carrera de <strong>Alexis Garc\u00eda<\/strong>, futbolista formado en el prol\u00edfico f\u00fatbol catal\u00e1n y que, tras muchas temporadas de trabajo, se destapa como un extremo con gran calidad y mucho descaro, as\u00ed como lo m\u00e1s importante en un jugador de ataque: gol. El extremo derecho, que tambi\u00e9n puede actuar como delantero (posici\u00f3n en la que ha venido jugando en esta segunda parte de la campa\u00f1a),<strong> llega a Primera RFEF con ganas de seguir demostrando todo el f\u00fatbol que tiene en sus botas. <\/strong>\u00a1Enhorabuena por este gran ascenso<strong>, Alexis!<\/strong><\/p>\n<p>&nbsp;<\/p>\n","protected":false},"excerpt":{"rendered":"<p>Ya tenemos un ascenso m\u00e1s a Primera RFEF de un miembro de la familia Emart&amp;Soccer. Despu\u00e9s de que lo consiguiera H\u00e9ctor Areosa el pasado fin de semana con el filial del RC Deportivo de la Coru\u00f1a, esta vez ha sido el turno de Alexis Garc\u00eda (Parets del Vall\u00e8s, Barcelona, 1 de noviembre de 1997) con [&hellip;]<\/p>\n","protected":false},"author":7,"featured_media":66064,"comment_status":"closed","ping_status":"closed","sticky":false,"template":"","format":"standard","meta":{"footnotes":""},"categories":[594],"tags":[937],"class_list":["post-66063","post","type-post","status-publish","format-standard","has-post-thumbnail","hentry","category-noticia-masculino","tag-alexis-garcia"],"_links":{"self":[{"href":"https:\/\/www.emartsoccer.es\/en\/wp-json\/wp\/v2\/posts\/66063","targetHints":{"allow":["GET"]}}],"collection":[{"href":"https:\/\/www.emartsoccer.es\/en\/wp-json\/wp\/v2\/posts"}],"about":[{"href":"https:\/\/www.emartsoccer.es\/en\/wp-json\/wp\/v2\/types\/post"}],"author":[{"embeddable":true,"href":"https:\/\/www.emartsoccer.es\/en\/wp-json\/wp\/v2\/users\/7"}],"replies":[{"embeddable":true,"href":"https:\/\/www.emartsoccer.es\/en\/wp-json\/wp\/v2\/comments?post=66063"}],"version-history":[{"count":1,"href":"https:\/\/www.emartsoccer.es\/en\/wp-json\/wp\/v2\/posts\/66063\/revisions"}],"predecessor-version":[{"id":66066,"href":"https:\/\/www.emartsoccer.es\/en\/wp-json\/wp\/v2\/posts\/66063\/revisions\/66066"}],"wp:featuredmedia":[{"embeddable":true,"href":"https:\/\/www.emartsoccer.es\/en\/wp-json\/wp\/v2\/media\/66064"}],"wp:attachment":[{"href":"https:\/\/www.emartsoccer.es\/en\/wp-json\/wp\/v2\/media?parent=66063"}],"wp:term":[{"taxonomy":"category","embeddable":true,"href":"https:\/\/www.emartsoccer.es\/en\/wp-json\/wp\/v2\/categories?post=66063"},{"taxonomy":"post_tag","embeddable":true,"href":"https:\/\/www.emartsoccer.es\/en\/wp-json\/wp\/v2\/tags?post=66063"}],"curies":[{"name":"wp","href":"https:\/\/api.w.org\/{rel}","templated":true}]}}