{"id":65898,"date":"2026-03-16T09:45:04","date_gmt":"2026-03-16T08:45:04","guid":{"rendered":"https:\/\/www.emartsoccer.es\/?p=65898"},"modified":"2026-03-16T10:01:59","modified_gmt":"2026-03-16T09:01:59","slug":"el-momento-mas-esperado-jorge-alastuey-debuta-en-la-mls-con-el-primer-equipo-del-austin-fc","status":"publish","type":"post","link":"https:\/\/www.emartsoccer.es\/en\/el-momento-mas-esperado-jorge-alastuey-debuta-en-la-mls-con-el-primer-equipo-del-austin-fc\/","title":{"rendered":"El momento m\u00e1s esperado: Jorge Alastuey debuta en la MLS con el primer equipo del Austin FC"},"content":{"rendered":"<p>Despu\u00e9s de una temporada inolvidable a nivel personal tras anotar diez dianas y dar seis asistencias en su primeraa temporada en el<strong> Austin FC II<\/strong>, <strong>Jorge Alastuey<\/strong> <strong>se gan\u00f3 con creces realizar la pretemporada con el primer equipo.<\/strong> El aragon\u00e9s demostr\u00f3 su buen f\u00fatbol y el t\u00e9cnico del equipo, el tambi\u00e9n espa\u00f1ol <strong>Nico Est\u00e9vez<\/strong>, tom\u00f3 buena nota. De todos modos, <strong>Alastuey<\/strong> regres\u00f3 al filial, donde en la primera jornada ya dio muestras de que la <strong>MLS Next Generation<\/strong> se le queda peque\u00f1a: anot\u00f3 dos grandes goles.<\/p>\n<p>El gran nivel mostrado por <strong>Jorge Alastuey<\/strong> ha sido reclamado muy pronto por el primer equipo del<strong> Austin FC,<\/strong> ya que en la cuarta jornada de la <strong>MLS<\/strong> (la temporada regular en <strong>Estados Unidos<\/strong> da inicio en marzo y finaliza en octubre) fue citado con el primer equipo para visitar al <strong>Real Salt Lake<\/strong>. Todo un premio, ya que era su primer llamado oficial en el que todav\u00eda habr\u00eda m\u00e1s: <strong>debut en el 59&#8242; y m\u00e1s de media hora de juego en banda derecha.<\/strong> La fiesta no pudo ser completa, ya que el <strong>Austin FC<\/strong> cay\u00f3 por 2-1.<\/p>\n<p>De todos modos, <strong>Jorge Alastuey<\/strong> ya ha dado un paso muy importante en su carrera: debutar en categor\u00eda profesional. El futbolista formado en el<strong> Real Zaragoza<\/strong> y posteriormente en el<strong> FC Barcelona<\/strong>, que vive su tercera experiencia internacional a pesar de contar con tan solo 22 a\u00f1os, <strong>es el capit\u00e1n del Austin FC II, muestra de la importancia que tiene en su equipo y lo que lo valora su club.<\/strong> Con el buen f\u00fatbol que est\u00e1 mostrando desde su llegada a la entidad, a buen seguro que no ser\u00e1 la \u00faltima vez que lo veamos en el primer equipo.<\/p>\n<p>\u00a1Muchas felicidades, <strong>Jorge<\/strong>! En <strong>Emart&amp;Soccer<\/strong> estamos encantados de acompa\u00f1arte en el camino y de ver tu crecimiento imparable d\u00eda a d\u00eda. Estamos convencidos de que esto es solo un paso m\u00e1s en una carrera llena de \u00e9xitos. \u00a1A seguir, amigo!<\/p>\n","protected":false},"excerpt":{"rendered":"<p>Despu\u00e9s de una temporada inolvidable a nivel personal tras anotar diez dianas y dar seis asistencias en su primeraa temporada en el Austin FC II, Jorge Alastuey se gan\u00f3 con creces realizar la pretemporada con el primer equipo. El aragon\u00e9s demostr\u00f3 su buen f\u00fatbol y el t\u00e9cnico del equipo, el tambi\u00e9n espa\u00f1ol Nico Est\u00e9vez, tom\u00f3 [&hellip;]<\/p>\n","protected":false},"author":7,"featured_media":65899,"comment_status":"closed","ping_status":"closed","sticky":false,"template":"","format":"standard","meta":{"footnotes":""},"categories":[594],"tags":[680],"class_list":["post-65898","post","type-post","status-publish","format-standard","has-post-thumbnail","hentry","category-noticia-masculino","tag-jorge-alastuey"],"_links":{"self":[{"href":"https:\/\/www.emartsoccer.es\/en\/wp-json\/wp\/v2\/posts\/65898","targetHints":{"allow":["GET"]}}],"collection":[{"href":"https:\/\/www.emartsoccer.es\/en\/wp-json\/wp\/v2\/posts"}],"about":[{"href":"https:\/\/www.emartsoccer.es\/en\/wp-json\/wp\/v2\/types\/post"}],"author":[{"embeddable":true,"href":"https:\/\/www.emartsoccer.es\/en\/wp-json\/wp\/v2\/users\/7"}],"replies":[{"embeddable":true,"href":"https:\/\/www.emartsoccer.es\/en\/wp-json\/wp\/v2\/comments?post=65898"}],"version-history":[{"count":5,"href":"https:\/\/www.emartsoccer.es\/en\/wp-json\/wp\/v2\/posts\/65898\/revisions"}],"predecessor-version":[{"id":65907,"href":"https:\/\/www.emartsoccer.es\/en\/wp-json\/wp\/v2\/posts\/65898\/revisions\/65907"}],"wp:featuredmedia":[{"embeddable":true,"href":"https:\/\/www.emartsoccer.es\/en\/wp-json\/wp\/v2\/media\/65899"}],"wp:attachment":[{"href":"https:\/\/www.emartsoccer.es\/en\/wp-json\/wp\/v2\/media?parent=65898"}],"wp:term":[{"taxonomy":"category","embeddable":true,"href":"https:\/\/www.emartsoccer.es\/en\/wp-json\/wp\/v2\/categories?post=65898"},{"taxonomy":"post_tag","embeddable":true,"href":"https:\/\/www.emartsoccer.es\/en\/wp-json\/wp\/v2\/tags?post=65898"}],"curies":[{"name":"wp","href":"https:\/\/api.w.org\/{rel}","templated":true}]}}