{"id":65825,"date":"2026-03-11T14:51:09","date_gmt":"2026-03-11T13:51:09","guid":{"rendered":"https:\/\/www.emartsoccer.es\/?p=65825"},"modified":"2026-03-11T15:22:10","modified_gmt":"2026-03-11T14:22:10","slug":"raul-parra-jugara-los-cuartos-de-final-de-la-afc-champions-league-elite-con-el-johor-darul-tazim-tras-eliminar-al-sanfrecce-hiroshima-nipon","status":"publish","type":"post","link":"https:\/\/www.emartsoccer.es\/en\/raul-parra-jugara-los-cuartos-de-final-de-la-afc-champions-league-elite-con-el-johor-darul-tazim-tras-eliminar-al-sanfrecce-hiroshima-nipon\/","title":{"rendered":"Ra\u00fal Parra jugar\u00e1 los cuartos de final de la AFC Champions League \u00c9lite con el Johor Darul Ta&#8217;zim tras eliminar al Sanfrecce Hiroshima nip\u00f3n"},"content":{"rendered":"<p>Derrota dulce la del <strong>Johor Darul Taz&#8217;im<\/strong>, en el que milita<strong> Ra\u00fal Parra<\/strong>, en el feudo del<strong> Sanfrecce Hiroshima<\/strong> japon\u00e9s. El conjunto malasio cay\u00f3 por un gol a cero a domicilio, pero <strong>la victoria por 3-1 en el encuentro de ida de los octavos de final de la AFC Champions League \u00c9lite decant\u00f3 la balanza para que el equipo del que forma parte el aragon\u00e9s acceda a los cuartos de final de la competici\u00f3n por primera vez en su historia.<\/strong><\/p>\n<p><strong>Ra\u00fal Parra<\/strong>, que en la <strong>AFC Champions League \u00c9lite<\/strong> est\u00e1 siendo clave para el<strong> Johor Tarul Da&#8217;zim<\/strong>, <strong>fue de la partida como central diestro y complet\u00f3 todo el encuentro, al igual que en el partido de ida.<\/strong> En esa ocasi\u00f3n, el cuadro malasio jug\u00f3 con tres jugadores en el eje de la zaga y dos carrileros, mientras que esta vez ha actuado con una defensa de cuatro.<strong> Parra<\/strong> estuvo correcto en el centro de la zaga y cada vez se encuentra m\u00e1s c\u00f3modo en un equipo para el que es muy importante en la competici\u00f3n continental.<\/p>\n<p>Es m\u00e1s:<strong>\u00a0Ra\u00fal Parra<\/strong>, uno de los seis espa\u00f1oles del <strong>Johor Tarul Da&#8217;zim<\/strong>, apenas est\u00e1 contando con minutos en la <strong>Superliga<\/strong> malasia, la principal competici\u00f3n del pa\u00eds la cual su equipo domina con pu\u00f1o de hierro, debido a las estrictas normativas en cuanto a extranjeros: cada equipo de dicho campeonato puede contar con 15 en plantilla, pero solo pueden ir convocados nueve, siendo un m\u00e1ximo de siete a la vez en el terreno de juego. Pero de esos siete, dos deben tener nacionalidad de un pa\u00eds de la <strong>ASEAN<\/strong> (<strong>Asociaci\u00f3n de Naciones de Asia Sudoriental<\/strong>) y otro ha de ser un un pa\u00eds asi\u00e1tico de cualquier otra zona.<\/p>\n<p>De este modo, un <strong>Ra\u00fal Parra<\/strong> que pese a ello s\u00ed que ha tenido participaci\u00f3n en la competici\u00f3n regular, aunque escasa, y en la<strong> Copa de Malasia<\/strong>, <strong>es una pieza principalmente reservada para una AFC Champions League donde el Johor Tarul Da&#8217;zim ya est\u00e1 en cuartos y tiene licencia para so\u00f1ar.<\/strong><\/p>\n","protected":false},"excerpt":{"rendered":"<p>Derrota dulce la del Johor Darul Taz&#8217;im, en el que milita Ra\u00fal Parra, en el feudo del Sanfrecce Hiroshima japon\u00e9s. El conjunto malasio cay\u00f3 por un gol a cero a domicilio, pero la victoria por 3-1 en el encuentro de ida de los octavos de final de la AFC Champions League \u00c9lite decant\u00f3 la balanza [&hellip;]<\/p>\n","protected":false},"author":7,"featured_media":65826,"comment_status":"closed","ping_status":"closed","sticky":false,"template":"","format":"standard","meta":{"footnotes":""},"categories":[594],"tags":[826],"class_list":["post-65825","post","type-post","status-publish","format-standard","has-post-thumbnail","hentry","category-noticia-masculino","tag-raul-parra"],"_links":{"self":[{"href":"https:\/\/www.emartsoccer.es\/en\/wp-json\/wp\/v2\/posts\/65825","targetHints":{"allow":["GET"]}}],"collection":[{"href":"https:\/\/www.emartsoccer.es\/en\/wp-json\/wp\/v2\/posts"}],"about":[{"href":"https:\/\/www.emartsoccer.es\/en\/wp-json\/wp\/v2\/types\/post"}],"author":[{"embeddable":true,"href":"https:\/\/www.emartsoccer.es\/en\/wp-json\/wp\/v2\/users\/7"}],"replies":[{"embeddable":true,"href":"https:\/\/www.emartsoccer.es\/en\/wp-json\/wp\/v2\/comments?post=65825"}],"version-history":[{"count":4,"href":"https:\/\/www.emartsoccer.es\/en\/wp-json\/wp\/v2\/posts\/65825\/revisions"}],"predecessor-version":[{"id":65863,"href":"https:\/\/www.emartsoccer.es\/en\/wp-json\/wp\/v2\/posts\/65825\/revisions\/65863"}],"wp:featuredmedia":[{"embeddable":true,"href":"https:\/\/www.emartsoccer.es\/en\/wp-json\/wp\/v2\/media\/65826"}],"wp:attachment":[{"href":"https:\/\/www.emartsoccer.es\/en\/wp-json\/wp\/v2\/media?parent=65825"}],"wp:term":[{"taxonomy":"category","embeddable":true,"href":"https:\/\/www.emartsoccer.es\/en\/wp-json\/wp\/v2\/categories?post=65825"},{"taxonomy":"post_tag","embeddable":true,"href":"https:\/\/www.emartsoccer.es\/en\/wp-json\/wp\/v2\/tags?post=65825"}],"curies":[{"name":"wp","href":"https:\/\/api.w.org\/{rel}","templated":true}]}}