{"id":65349,"date":"2026-01-28T12:40:00","date_gmt":"2026-01-28T11:40:00","guid":{"rendered":"https:\/\/www.emartsoccer.es\/?p=65349"},"modified":"2026-01-28T12:40:15","modified_gmt":"2026-01-28T11:40:15","slug":"carlos-vicente-se-convierte-en-el-cuarto-traspaso-mas-alto-en-la-historia-del-deportivo-alaves","status":"publish","type":"post","link":"https:\/\/www.emartsoccer.es\/en\/carlos-vicente-se-convierte-en-el-cuarto-traspaso-mas-alto-en-la-historia-del-deportivo-alaves\/","title":{"rendered":"Carlos Vicente se convierte en el cuarto traspaso m\u00e1s alto en la historia del Deportivo Alav\u00e9s"},"content":{"rendered":"\n<p><a href=\"https:\/\/www.emartsoccer.es\/carlos-vicente-cierra-su-etapa-en-el-deportivo-alaves-y-se-marcha-traspasado-al-birmingham-city-fc\/\">El traspaso de <strong>Carlos Vicente<\/strong><\/a> es, adem\u00e1s de la mayor operaci\u00f3n realizada por<strong> Emart&amp;Soccer <\/strong>en sus 35 a\u00f1os de historia -muy proxima est\u00e1 la de <strong>Jeremy Ar\u00e9valo<\/strong>, que <a href=\"https:\/\/www.emartsoccer.es\/jeremy-arevalo-firma-por-hasta-2031-con-el-vfb-stuttgart-con-el-que-jugara-la-europa-league\/\" data-type=\"link\" data-id=\"https:\/\/www.emartsoccer.es\/jeremy-arevalo-firma-por-hasta-2031-con-el-vfb-stuttgart-con-el-que-jugara-la-europa-league\/\">dej\u00f3 siete millones de euros en las arcas del <strong>Real Racing Club de Santander<\/strong> procedentes de su actual equipo, el <strong>VfB Stuttgart<\/strong><\/a>-, una de las ventas m\u00e1s altas del <strong>Deportivo Alav\u00e9s <\/strong>en su historia. El <strong>Birmingham City FC<\/strong> ha abonado ocho millones de euros para hacerse con el extremo aragon\u00e9s.<\/p>\n\n\n\n<p>La operaci\u00f3n de <strong>Carlos Vicente <\/strong>solo es superada a nivel de precio en el <strong>Deportivo Alav\u00e9s<\/strong> por otras tres, siendo esta <strong>la cuarta mayor transacci\u00f3n de la historia de la entidad vitoriana: <\/strong>la venta de <strong>Guillermo Marip\u00e1n<\/strong> al <strong>AS M\u00f3naco<\/strong> por 18 millones de euros en la temporada 2019-20; la de <strong>Joaqu\u00edn Panichelli<\/strong>, que se march\u00f3 el pasado verano al <strong>Racing Club de Estrasburgo<\/strong> por 17 millones; y la de<strong> Javi Moreno<\/strong>, que hizo las maletas al <strong>AC Milan<\/strong> el curso 2001-02 a cambio de 16 millones de euros.<\/p>\n\n\n\n<p>Adem\u00e1s,<strong> la venta de Carlos Vicente al Birmingham City FC multiplica por diez lo abonado hace dos campa\u00f1as por el Deportivo Alav\u00e9s al RC Ferrol <\/strong>para hacerse con los servicios del extremo. En el mercado de invierno de la temporada 2023-24, el club babazorro pag\u00f3 800.000 euros por<strong> Vicente<\/strong>, y ahora ha recibido ocho millones por su traspaso. Unas cifras que dan muestra del gran crecimiento del aragon\u00e9s, que busca ahora seguir disfrutando del f\u00fatbol y ofreciendo su mejor nivel en la <strong>Championship <\/strong>inglesa. <strong>St. Andrew&#8217;s Stadium<\/strong>, su nueva casa.<\/p>\n\n\n<div class=\"wp-block-image\">\n<figure class=\"aligncenter size-large is-resized\"><img fetchpriority=\"high\" decoding=\"async\" width=\"823\" height=\"1024\" src=\"https:\/\/www.emartsoccer.es\/wp-content\/uploads\/2026\/01\/Carlos_Vicente_Deportivo_Alaves-823x1024.jpeg\" alt=\"\" class=\"wp-image-65355\" style=\"aspect-ratio:0.8041403655727406;width:392px;height:auto\"\/><\/figure>\n<\/div>","protected":false},"excerpt":{"rendered":"<p>El traspaso de Carlos Vicente es, adem\u00e1s de la mayor operaci\u00f3n realizada por Emart&amp;Soccer en sus 35 a\u00f1os de historia -muy proxima est\u00e1 la de Jeremy Ar\u00e9valo, que dej\u00f3 siete millones de euros en las arcas del Real Racing Club de Santander procedentes de su actual equipo, el VfB Stuttgart-, una de las ventas m\u00e1s [&hellip;]<\/p>\n","protected":false},"author":7,"featured_media":65350,"comment_status":"closed","ping_status":"closed","sticky":false,"template":"","format":"standard","meta":{"footnotes":""},"categories":[594],"tags":[673],"class_list":["post-65349","post","type-post","status-publish","format-standard","has-post-thumbnail","hentry","category-noticia-masculino","tag-carlos-vicente"],"_links":{"self":[{"href":"https:\/\/www.emartsoccer.es\/en\/wp-json\/wp\/v2\/posts\/65349","targetHints":{"allow":["GET"]}}],"collection":[{"href":"https:\/\/www.emartsoccer.es\/en\/wp-json\/wp\/v2\/posts"}],"about":[{"href":"https:\/\/www.emartsoccer.es\/en\/wp-json\/wp\/v2\/types\/post"}],"author":[{"embeddable":true,"href":"https:\/\/www.emartsoccer.es\/en\/wp-json\/wp\/v2\/users\/7"}],"replies":[{"embeddable":true,"href":"https:\/\/www.emartsoccer.es\/en\/wp-json\/wp\/v2\/comments?post=65349"}],"version-history":[{"count":2,"href":"https:\/\/www.emartsoccer.es\/en\/wp-json\/wp\/v2\/posts\/65349\/revisions"}],"predecessor-version":[{"id":65357,"href":"https:\/\/www.emartsoccer.es\/en\/wp-json\/wp\/v2\/posts\/65349\/revisions\/65357"}],"wp:featuredmedia":[{"embeddable":true,"href":"https:\/\/www.emartsoccer.es\/en\/wp-json\/wp\/v2\/media\/65350"}],"wp:attachment":[{"href":"https:\/\/www.emartsoccer.es\/en\/wp-json\/wp\/v2\/media?parent=65349"}],"wp:term":[{"taxonomy":"category","embeddable":true,"href":"https:\/\/www.emartsoccer.es\/en\/wp-json\/wp\/v2\/categories?post=65349"},{"taxonomy":"post_tag","embeddable":true,"href":"https:\/\/www.emartsoccer.es\/en\/wp-json\/wp\/v2\/tags?post=65349"}],"curies":[{"name":"wp","href":"https:\/\/api.w.org\/{rel}","templated":true}]}}