{"id":65303,"date":"2026-01-26T19:44:36","date_gmt":"2026-01-26T18:44:36","guid":{"rendered":"https:\/\/www.emartsoccer.es\/?p=65303"},"modified":"2026-01-26T19:44:41","modified_gmt":"2026-01-26T18:44:41","slug":"el-top-3-de-la-jornada-16-de-primera-rfef-esta-formado-por-sara-balma-amaya-garcia-y-noe-fernandez","status":"publish","type":"post","link":"https:\/\/www.emartsoccer.es\/en\/el-top-3-de-la-jornada-16-de-primera-rfef-esta-formado-por-sara-balma-amaya-garcia-y-noe-fernandez\/","title":{"rendered":"El top-3 de la jornada 16 de Primera RFEF est\u00e1 formado por Sara Balma, Amaya Garc\u00eda y Noe Fern\u00e1ndez"},"content":{"rendered":"\n<p>Jornada 16 de <strong>Primera RFEF<\/strong> y <strong>grandes actuaciones de <strong>Sara Balma<\/strong><\/strong>, <strong>Amaya Garc\u00eda y Noe Fern\u00e1ndez, las cuales ocupan el top-3 para los scouts de Emart&amp;Soccer.<\/strong> Su buen hacer permiti\u00f3 sumar a<strong> <strong>SDF Real Betis Balompi\u00e9<\/strong><\/strong>, <strong>Real Madrid B <\/strong>y <strong>SE AEM<\/strong>, sus respectivos equipos, buenos resultados.<\/p>\n\n\n\n<p>Valios\u00edsimo punto del <strong>SDF Real Betis Balompi\u00e9 <\/strong>en casa ante uno de los gallitos de la categor\u00eda, el <strong>Valencia F\u00e9minas<\/strong> (0-0).<strong> La actuaci\u00f3n en la medular de Sara Balma fue clave para el empate final; fue el eje del centro del campo del conjunto verdiblanco<\/strong> y por ella pasaron todos los balones tanto en defensa como en ataque.<\/p>\n\n\n\n<p><strong>Partidazo de Amaya Garc\u00eda en la porter\u00eda del Real Madrid B, actuaci\u00f3n clave para que el filial blanco se llevara la victoria en el feudo del l\u00edder, el Deportivo Alav\u00e9s (0-1)<\/strong>. Su rapidez y contundencia apago todos los fuegos que generaban las vitorianas.<\/p>\n\n\n\n<p>Quinta jornada seguida sumando para un <strong>SE AEM <\/strong>que se reencontr\u00f3 con el triunfo en el feudo del <strong>Villarreal CF<\/strong> (0-1) despu\u00e9s de dos empates consecutivos. El cuadro ilerdense, que ya est\u00e1 fuera de las plazas de descenso, venci\u00f3 en un <strong>gran partido de Noe Fern\u00e1ndez, clave en la mejora del equipo. <\/strong>Fern\u00e1ndez roba y genera mucho peligro para la porter\u00eda rival. Gran noticia para el citado <strong>SE AEM<\/strong>.<\/p>\n\n\n<div class=\"wp-block-image\">\n<figure class=\"aligncenter size-large is-resized\"><img fetchpriority=\"high\" decoding=\"async\" width=\"576\" height=\"1024\" src=\"https:\/\/www.emartsoccer.es\/wp-content\/uploads\/2026\/01\/top_3-576x1024.jpeg\" alt=\"\" class=\"wp-image-65307\" style=\"aspect-ratio:0.5625064626202048;width:286px;height:auto\"\/><\/figure>\n<\/div>","protected":false},"excerpt":{"rendered":"<p>Jornada 16 de Primera RFEF y grandes actuaciones de Sara Balma, Amaya Garc\u00eda y Noe Fern\u00e1ndez, las cuales ocupan el top-3 para los scouts de Emart&amp;Soccer. Su buen hacer permiti\u00f3 sumar a SDF Real Betis Balompi\u00e9, Real Madrid B y SE AEM, sus respectivos equipos, buenos resultados. Valios\u00edsimo punto del SDF Real Betis Balompi\u00e9 en [&hellip;]<\/p>\n","protected":false},"author":7,"featured_media":65309,"comment_status":"closed","ping_status":"closed","sticky":false,"template":"","format":"standard","meta":{"footnotes":""},"categories":[593],"tags":[894,915,860],"class_list":["post-65303","post","type-post","status-publish","format-standard","has-post-thumbnail","hentry","category-noticia-femenino","tag-amaya-garcia","tag-noe-fernandez","tag-sara-balma"],"_links":{"self":[{"href":"https:\/\/www.emartsoccer.es\/en\/wp-json\/wp\/v2\/posts\/65303","targetHints":{"allow":["GET"]}}],"collection":[{"href":"https:\/\/www.emartsoccer.es\/en\/wp-json\/wp\/v2\/posts"}],"about":[{"href":"https:\/\/www.emartsoccer.es\/en\/wp-json\/wp\/v2\/types\/post"}],"author":[{"embeddable":true,"href":"https:\/\/www.emartsoccer.es\/en\/wp-json\/wp\/v2\/users\/7"}],"replies":[{"embeddable":true,"href":"https:\/\/www.emartsoccer.es\/en\/wp-json\/wp\/v2\/comments?post=65303"}],"version-history":[{"count":2,"href":"https:\/\/www.emartsoccer.es\/en\/wp-json\/wp\/v2\/posts\/65303\/revisions"}],"predecessor-version":[{"id":65311,"href":"https:\/\/www.emartsoccer.es\/en\/wp-json\/wp\/v2\/posts\/65303\/revisions\/65311"}],"wp:featuredmedia":[{"embeddable":true,"href":"https:\/\/www.emartsoccer.es\/en\/wp-json\/wp\/v2\/media\/65309"}],"wp:attachment":[{"href":"https:\/\/www.emartsoccer.es\/en\/wp-json\/wp\/v2\/media?parent=65303"}],"wp:term":[{"taxonomy":"category","embeddable":true,"href":"https:\/\/www.emartsoccer.es\/en\/wp-json\/wp\/v2\/categories?post=65303"},{"taxonomy":"post_tag","embeddable":true,"href":"https:\/\/www.emartsoccer.es\/en\/wp-json\/wp\/v2\/tags?post=65303"}],"curies":[{"name":"wp","href":"https:\/\/api.w.org\/{rel}","templated":true}]}}