{"id":65248,"date":"2026-01-20T16:16:07","date_gmt":"2026-01-20T15:16:07","guid":{"rendered":"https:\/\/www.emartsoccer.es\/?p=65248"},"modified":"2026-01-20T17:12:47","modified_gmt":"2026-01-20T16:12:47","slug":"rafita-se-gana-a-pulso-ser-el-dueno-del-lateral-derecho-del-malaga-cf","status":"publish","type":"post","link":"https:\/\/www.emartsoccer.es\/en\/rafita-se-gana-a-pulso-ser-el-dueno-del-lateral-derecho-del-malaga-cf\/","title":{"rendered":"Rafita se gana a pulso un sitio fijo en el primer equipo del M\u00e1laga CF"},"content":{"rendered":"\n<p>Una de las grandes noticias de esta temporada en el <strong>M\u00e1laga CF<\/strong> est\u00e1 siendo el gran nivel que est\u00e1 ofreciendo <strong>Rafita Garrido <\/strong>(<strong>M\u00e1laga<\/strong>, 9 de noviembre de 2004). El lateral diestro, que <a href=\"https:\/\/www.emartsoccer.es\/?s=rafita\" data-type=\"link\" data-id=\"https:\/\/www.emartsoccer.es\/?s=rafita\">debut\u00f3 con el primer equipo a comienzos de campa\u00f1a <\/a>y que gracias a su buen hacer <a href=\"https:\/\/www.emartsoccer.es\/rafita-amplia-su-contrato-con-el-malaga-cf-hasta-2029-y-sera-jugador-del-primer-equipo-a-todos-los-efectos-a-partir-del-proximo-curso\/\">renov\u00f3 su contrato con el club malacitano hasta 2029<\/a>, <strong>demuestra en cada encuentro que est\u00e1 m\u00e1s que preparado para el nivel de LaLiga Hypermotion.<\/strong><\/p>\n\n\n\n<p>Con la llegada al banquillo de <strong>Juan Francisco Funes, Rafita <\/strong>regres\u00f3 al filial del <strong>M\u00e1laga CF<\/strong>, pero pronto el t\u00e9cnico del primer equipo lo volvi\u00f3 a reclutar hasta el punto de que suma tres encuentros completos. Y no de cualquier manera, sino que lo ha hecho a pierna cambiada, en el lateral zurdo, y a un nivel excelso, hasta tal punto que desde su regreso al primer equipo el cuadro malacitano cuenta sus partidos ligueros por victoria. <strong>Rafita est\u00e1 siendo uno de los futbolistas del equipo m\u00e1s aplaudidos por la afici\u00f3n malaguista y por la prensa en los \u00faltimos partidos<\/strong>, duelos en los que el <strong>M\u00e1laga CF<\/strong> ha resultado ganador y que le permiten situarse en la sexta plaza, posici\u00f3n que da acceso al &#8216;play-off&#8217; de ascenso en <strong>LaLiga Hypermotion<\/strong>.<\/p>\n\n\n\n<p><strong>Rafita suma ya 790 minutos en LaLiga Hypermotion repartidos en diez encuentros, disputando nueve de ellos como titular y completando los 90 minutos en ocho.<\/strong> El defensor pr\u00e1cticamente ha pasado de <strong>Tercera RFEF<\/strong> a <strong>Segunda divisi\u00f3n<\/strong>, puesto que tras el ascenso del <strong>Atl\u00e9tico Malague\u00f1o<\/strong> el pasado curso dio el salto al primer equipo del <strong>M\u00e1laga CF<\/strong> tras cuatro jornadas con el filial en <strong>Segunda RFEF<\/strong>; dicha categor\u00eda solo la ha vuelto a pisar en cinco jornadas m\u00e1s, en las que fue titular en todas ellas y jug\u00f3 todo el partido en cuatro, anotando una diana.<\/p>\n\n\n\n<p>El crecimiento de <strong>Rafita<\/strong> est\u00e1 fuera de toda duda<strong>. El canterano del M\u00e1laga CF ha derribado las puertas del primer equipo y no quiere moverse de ah\u00ed,<\/strong> adem\u00e1s de que est\u00e1 muy bien considerado por todos los t\u00e9cnicos de la entidad de <strong>Martiricos<\/strong>. Es el inicio de una carrera que promete, de eso estamos seguros.<\/p>\n","protected":false},"excerpt":{"rendered":"<p>Una de las grandes noticias de esta temporada en el M\u00e1laga CF est\u00e1 siendo el gran nivel que est\u00e1 ofreciendo Rafita Garrido (M\u00e1laga, 9 de noviembre de 2004). El lateral diestro, que debut\u00f3 con el primer equipo a comienzos de campa\u00f1a y que gracias a su buen hacer renov\u00f3 su contrato con el club malacitano [&hellip;]<\/p>\n","protected":false},"author":7,"featured_media":65254,"comment_status":"closed","ping_status":"closed","sticky":false,"template":"","format":"standard","meta":{"footnotes":""},"categories":[594],"tags":[856],"class_list":["post-65248","post","type-post","status-publish","format-standard","has-post-thumbnail","hentry","category-noticia-masculino","tag-rafita"],"_links":{"self":[{"href":"https:\/\/www.emartsoccer.es\/en\/wp-json\/wp\/v2\/posts\/65248","targetHints":{"allow":["GET"]}}],"collection":[{"href":"https:\/\/www.emartsoccer.es\/en\/wp-json\/wp\/v2\/posts"}],"about":[{"href":"https:\/\/www.emartsoccer.es\/en\/wp-json\/wp\/v2\/types\/post"}],"author":[{"embeddable":true,"href":"https:\/\/www.emartsoccer.es\/en\/wp-json\/wp\/v2\/users\/7"}],"replies":[{"embeddable":true,"href":"https:\/\/www.emartsoccer.es\/en\/wp-json\/wp\/v2\/comments?post=65248"}],"version-history":[{"count":2,"href":"https:\/\/www.emartsoccer.es\/en\/wp-json\/wp\/v2\/posts\/65248\/revisions"}],"predecessor-version":[{"id":65258,"href":"https:\/\/www.emartsoccer.es\/en\/wp-json\/wp\/v2\/posts\/65248\/revisions\/65258"}],"wp:featuredmedia":[{"embeddable":true,"href":"https:\/\/www.emartsoccer.es\/en\/wp-json\/wp\/v2\/media\/65254"}],"wp:attachment":[{"href":"https:\/\/www.emartsoccer.es\/en\/wp-json\/wp\/v2\/media?parent=65248"}],"wp:term":[{"taxonomy":"category","embeddable":true,"href":"https:\/\/www.emartsoccer.es\/en\/wp-json\/wp\/v2\/categories?post=65248"},{"taxonomy":"post_tag","embeddable":true,"href":"https:\/\/www.emartsoccer.es\/en\/wp-json\/wp\/v2\/tags?post=65248"}],"curies":[{"name":"wp","href":"https:\/\/api.w.org\/{rel}","templated":true}]}}