{"id":65227,"date":"2026-01-19T17:04:20","date_gmt":"2026-01-19T16:04:20","guid":{"rendered":"https:\/\/www.emartsoccer.es\/?p=65227"},"modified":"2026-01-19T17:09:45","modified_gmt":"2026-01-19T16:09:45","slug":"elene-viles-claudia-gallinas-y-silvia-penalver-top-3-de-primera-rfef-en-la-jornada-15","status":"publish","type":"post","link":"https:\/\/www.emartsoccer.es\/en\/elene-viles-claudia-gallinas-y-silvia-penalver-top-3-de-primera-rfef-en-la-jornada-15\/","title":{"rendered":"Elene Viles, Claudia Gallinas y Silvia Pe\u00f1alver, top-3 de Primera RFEF en la jornada 15"},"content":{"rendered":"\n<p><strong>La jugadora de Deportivo Alav\u00e9s Elene Viles, la de Club Atl\u00e9tico de Madrid B Claudia Gallinas y la de AEM Lleida Silvia Pe\u00f1alver son las futbolistas que conforman el top-3 de la jornada 20 de Primera RFEF<\/strong> para los scouts de <strong>Emart&amp;Soccer<\/strong>. Las tres tuvieron un papel fundamental en los buenos resultados de sus respectivos equipos.<\/p>\n\n\n\n<p><strong>Elene Viles<\/strong> marc\u00f3 el ritmo del l\u00edder <strong>Deportivo Alav\u00e9s<\/strong>. La azpeitiarra jug\u00f3 una vez m\u00e1s un partido impecable, <strong>siendo el motor del cuadro vitoriano gracias a su buena lectura t\u00e1ctica tanto con bal\u00f3n como sin \u00e9l.<\/strong> El conjunto babazorro asalt\u00f3 el feudo del <strong>CD Alba FF<\/strong> (0-1) y contin\u00faa en cabeza con dos puntos m\u00e1s que su principal perseguidor, el <strong>Valencia F\u00e9minas<\/strong>.<\/p>\n\n\n\n<p><strong>Claudia Gallinas<\/strong> volvi\u00f3 a mostrar su calidad en el centro del campo del <strong>Club Atl\u00e9tico de Madrid B<\/strong>, manejando el ritmo del juego y llegando con determinaci\u00f3n al \u00e1rea. <strong>Su acci\u00f3n m\u00e1s decisiva fue provocar un penalti tras una conducci\u00f3n valiente, que ella misma transform\u00f3 con calma y personalidad.<\/strong> El filial colchonero empat\u00f3 a dos dianas en su visita al terreno de juego del <strong>SDF Real Betis Balompi\u00e9<\/strong>.<\/p>\n\n\n\n<p><strong>Silvia Pe\u00f1alver abri\u00f3 el marcador para el AEM Lleida con un gol de cabeza tras un saque de esquina<\/strong>. Adem\u00e1s de su importante gol, mostr\u00f3 un gran esfuerzo defensivo y tanto su trabajo en defensa como la diana anotada fueron cruciales para que el equipo ilerdense lograra sumar un valioso empate en el feudo del <strong>Real Madrid B<\/strong>.<\/p>\n\n\n<div class=\"wp-block-image\">\n<figure class=\"aligncenter size-large is-resized\"><img fetchpriority=\"high\" decoding=\"async\" width=\"576\" height=\"1024\" src=\"https:\/\/www.emartsoccer.es\/wp-content\/uploads\/2026\/01\/top_3_Primera_RFEF-576x1024.jpg\" alt=\"\" class=\"wp-image-65234\" style=\"aspect-ratio:0.5625083866350584;width:224px;height:auto\"\/><\/figure>\n<\/div>\n\n\n<p><\/p>\n","protected":false},"excerpt":{"rendered":"<p>La jugadora de Deportivo Alav\u00e9s Elene Viles, la de Club Atl\u00e9tico de Madrid B Claudia Gallinas y la de AEM Lleida Silvia Pe\u00f1alver son las futbolistas que conforman el top-3 de la jornada 20 de Primera RFEF para los scouts de Emart&amp;Soccer. Las tres tuvieron un papel fundamental en los buenos resultados de sus respectivos [&hellip;]<\/p>\n","protected":false},"author":7,"featured_media":65236,"comment_status":"closed","ping_status":"closed","sticky":false,"template":"","format":"standard","meta":{"footnotes":""},"categories":[593],"tags":[851,852],"class_list":["post-65227","post","type-post","status-publish","format-standard","has-post-thumbnail","hentry","category-noticia-femenino","tag-claudia-gallinas","tag-elene-viles"],"_links":{"self":[{"href":"https:\/\/www.emartsoccer.es\/en\/wp-json\/wp\/v2\/posts\/65227","targetHints":{"allow":["GET"]}}],"collection":[{"href":"https:\/\/www.emartsoccer.es\/en\/wp-json\/wp\/v2\/posts"}],"about":[{"href":"https:\/\/www.emartsoccer.es\/en\/wp-json\/wp\/v2\/types\/post"}],"author":[{"embeddable":true,"href":"https:\/\/www.emartsoccer.es\/en\/wp-json\/wp\/v2\/users\/7"}],"replies":[{"embeddable":true,"href":"https:\/\/www.emartsoccer.es\/en\/wp-json\/wp\/v2\/comments?post=65227"}],"version-history":[{"count":3,"href":"https:\/\/www.emartsoccer.es\/en\/wp-json\/wp\/v2\/posts\/65227\/revisions"}],"predecessor-version":[{"id":65239,"href":"https:\/\/www.emartsoccer.es\/en\/wp-json\/wp\/v2\/posts\/65227\/revisions\/65239"}],"wp:featuredmedia":[{"embeddable":true,"href":"https:\/\/www.emartsoccer.es\/en\/wp-json\/wp\/v2\/media\/65236"}],"wp:attachment":[{"href":"https:\/\/www.emartsoccer.es\/en\/wp-json\/wp\/v2\/media?parent=65227"}],"wp:term":[{"taxonomy":"category","embeddable":true,"href":"https:\/\/www.emartsoccer.es\/en\/wp-json\/wp\/v2\/categories?post=65227"},{"taxonomy":"post_tag","embeddable":true,"href":"https:\/\/www.emartsoccer.es\/en\/wp-json\/wp\/v2\/tags?post=65227"}],"curies":[{"name":"wp","href":"https:\/\/api.w.org\/{rel}","templated":true}]}}