{"id":65139,"date":"2026-01-13T08:58:11","date_gmt":"2026-01-13T07:58:11","guid":{"rendered":"https:\/\/www.emartsoccer.es\/?p=65139"},"modified":"2026-01-13T08:58:15","modified_gmt":"2026-01-13T07:58:15","slug":"el-top-3-de-primera-rfef-en-esta-jornada-14-esta-formado-por-vero-herrera-amaya-garcia-y-laura-navajas","status":"publish","type":"post","link":"https:\/\/www.emartsoccer.es\/en\/el-top-3-de-primera-rfef-en-esta-jornada-14-esta-formado-por-vero-herrera-amaya-garcia-y-laura-navajas\/","title":{"rendered":"El top-3 de Primera RFEF en esta jornada 14 est\u00e1 formado por Vero Herrera, Amaya Garc\u00eda y Laura Navajas"},"content":{"rendered":"\n<p><strong>Vero Herrera, Amaya Garc\u00eda<\/strong> y <strong>Laura Navajas<\/strong> forman el top-3 de la jornada 14 gracias a sus buenas actuaciones con <strong>SE AEM,<\/strong> <strong>Real Madrid B<\/strong> y <strong>Deportivo Alav\u00e9s<\/strong>, respectivamente. Las tres fueron clave para que sus equipos sumaran grandes resultados este pasado fin de semana en <strong>Primera RFEF<\/strong>.<\/p>\n\n\n\n<p><strong>Vero Herrera<\/strong> jug\u00f3 un gran encuentro ante el <strong>FC Barcelona B,<\/strong> duelo en el que el<strong> SE AEM<\/strong> logr\u00f3 sumar un valioso punto (2-2). <strong>La venezolana fue determinante en la presi\u00f3n a campo abierto ganando duelos vitales para el equipo y puso la guinda a su gran actuaci\u00f3n con un gol.<\/strong><\/p>\n\n\n\n<p><strong>Amaya Garc\u00eda<\/strong>, portera del <strong>Real Madrid B<\/strong>, <strong>dej\u00f3 su porter\u00eda a cero ante el CDFF Osasuna Femenino<\/strong>. El conjunto blanco venci\u00f3 por dos goles a cero en parte gracias al buen encuentro de <strong>Amaya<\/strong>; su solidez y lectura del juego fueron determinantes para que el equipo lograra mantener la porter\u00eda a cero, aportando seguridad y orden en cada acci\u00f3n.<\/p>\n\n\n\n<p>Cierra el top-3 <strong>Laura Navajas<\/strong>, que sigue siendo clave en las filas del l\u00edder de <strong>Primera RFEF<\/strong>, el <strong>Deportivo Alav\u00e9s<\/strong>, y <strong>disput\u00f3 un partido muy completo ante el Club Atl\u00e9tico de Madrid B<\/strong>, sucumbi\u00e9ndo ante el cuadro vitoriano (1-0). El ritmo y la preis\u00f3n de Navajas fue demasiado alto para las colchoneras.<\/p>\n\n\n<div class=\"wp-block-image\">\n<figure class=\"aligncenter size-large is-resized\"><img fetchpriority=\"high\" decoding=\"async\" width=\"576\" height=\"1024\" src=\"https:\/\/www.emartsoccer.es\/wp-content\/uploads\/2026\/01\/top_Primera_RFEF-576x1024.jpeg\" alt=\"\" class=\"wp-image-65165\" style=\"aspect-ratio:0.5625083866350584;width:321px;height:auto\"\/><\/figure>\n<\/div>","protected":false},"excerpt":{"rendered":"<p>Vero Herrera, Amaya Garc\u00eda y Laura Navajas forman el top-3 de la jornada 14 gracias a sus buenas actuaciones con SE AEM, Real Madrid B y Deportivo Alav\u00e9s, respectivamente. Las tres fueron clave para que sus equipos sumaran grandes resultados este pasado fin de semana en Primera RFEF. Vero Herrera jug\u00f3 un gran encuentro ante [&hellip;]<\/p>\n","protected":false},"author":7,"featured_media":65167,"comment_status":"closed","ping_status":"closed","sticky":false,"template":"","format":"standard","meta":{"footnotes":""},"categories":[593],"tags":[867,908],"class_list":["post-65139","post","type-post","status-publish","format-standard","has-post-thumbnail","hentry","category-noticia-femenino","tag-laura-navajas","tag-vero-herrera"],"_links":{"self":[{"href":"https:\/\/www.emartsoccer.es\/en\/wp-json\/wp\/v2\/posts\/65139","targetHints":{"allow":["GET"]}}],"collection":[{"href":"https:\/\/www.emartsoccer.es\/en\/wp-json\/wp\/v2\/posts"}],"about":[{"href":"https:\/\/www.emartsoccer.es\/en\/wp-json\/wp\/v2\/types\/post"}],"author":[{"embeddable":true,"href":"https:\/\/www.emartsoccer.es\/en\/wp-json\/wp\/v2\/users\/7"}],"replies":[{"embeddable":true,"href":"https:\/\/www.emartsoccer.es\/en\/wp-json\/wp\/v2\/comments?post=65139"}],"version-history":[{"count":2,"href":"https:\/\/www.emartsoccer.es\/en\/wp-json\/wp\/v2\/posts\/65139\/revisions"}],"predecessor-version":[{"id":65169,"href":"https:\/\/www.emartsoccer.es\/en\/wp-json\/wp\/v2\/posts\/65139\/revisions\/65169"}],"wp:featuredmedia":[{"embeddable":true,"href":"https:\/\/www.emartsoccer.es\/en\/wp-json\/wp\/v2\/media\/65167"}],"wp:attachment":[{"href":"https:\/\/www.emartsoccer.es\/en\/wp-json\/wp\/v2\/media?parent=65139"}],"wp:term":[{"taxonomy":"category","embeddable":true,"href":"https:\/\/www.emartsoccer.es\/en\/wp-json\/wp\/v2\/categories?post=65139"},{"taxonomy":"post_tag","embeddable":true,"href":"https:\/\/www.emartsoccer.es\/en\/wp-json\/wp\/v2\/tags?post=65139"}],"curies":[{"name":"wp","href":"https:\/\/api.w.org\/{rel}","templated":true}]}}