{"id":65135,"date":"2026-01-13T12:48:23","date_gmt":"2026-01-13T11:48:23","guid":{"rendered":"https:\/\/www.emartsoccer.es\/?p=65135"},"modified":"2026-01-13T16:36:55","modified_gmt":"2026-01-13T15:36:55","slug":"500-partidos-como-profesional-para-ian-mackay","status":"publish","type":"post","link":"https:\/\/www.emartsoccer.es\/en\/500-partidos-como-profesional-para-ian-mackay\/","title":{"rendered":"500 partidos como profesional para Ian Mackay"},"content":{"rendered":"\n<p>El pasado domingo fue un d\u00eda especial para<strong> Ian Mackay<\/strong>. Muy especial. Y no solo porque el <strong>CF Intercity<\/strong> se impusiera por dos goles a uno al <strong>Orihuela CF<\/strong> en un duelo directo que permite al cuadro alicantino situarse quinto en la tabla del grupo 5 de <strong>Segunda RFEF<\/strong>, sino porque <strong>el cancerbero gallego entr\u00f3 en la historia del f\u00fatbol espa\u00f1ol, si es que no lo hab\u00eda hecho antes. Mackay disput\u00f3 su partido n\u00famero 500 como profesional.<\/strong><\/p>\n\n\n\n<p>19 temporadas suma <strong>Ian Mackay <\/strong>al pie del ca\u00f1\u00f3n, cursos en los que ha llegado a tan indicada cifra.<strong>El portero coru\u00f1\u00e9s de ascendencia escocesa suma a lo largo de todo este tiempo 15 clubes,<\/strong> siendo la etapa m\u00e1s larga la que estuvo en el <strong>RC Ferrol<\/strong>, de la 2013-14 a la 2017-18. Otro club al que le guarda gran cari\u00f1o es al<strong>CE Sabadell<\/strong>, equipo en el que estuvo en dos ocasiones distintas y con el que logr\u00f3 un ascenso a <strong>Segunda divisi\u00f3n<\/strong> en la temporada 2019-20, el segundo que consegu\u00eda tras el obrado con la<strong>SD Ponferradina<\/strong> en la 2009-10.<\/p>\n\n\n\n<p>Pero no fue el \u00faltimo, ya que <strong>en la campa\u00f1a 2021-22 recal\u00f3 en el club de sus amores, un RC Deportivo de la Coru\u00f1a <\/strong>con el que ya hab\u00eda competido en su filial. Estuvo tres temporadas en el cuadro gallego y logr\u00f3 el ascenso a <strong>LaLiga Hypermotion<\/strong>, aunque su paso por la entidad gallega no fue todo lo dulce que a \u00e9l le hubiera gustado.<\/p>\n\n\n\n<p>Con 39 a\u00f1os, <strong>Ian Mackay se resiste a colgar los guantes y el pasado verano emprendi\u00f3 una nueva aventura en el CF Intercity<\/strong>, con el que tiene el objetivo de ascender a <strong>Primera RFEF<\/strong>. El arquero es uno de los jugadores m\u00e1s importantes de un cuadro alicantino que es el decimoquinto equipo de su carrera tras debutar en la 2006-07 en la porter\u00eda de la <strong>AD Ceuta<\/strong> y seguir su camino en <strong>CD Universidad de Oviedo, RC Deportivo de la Coru\u00f1a B, UD Vecindario, SD Ciudad de Santiago, SD Ponferradina, CE Sabadell <\/strong>en dos etapas, <strong>CD Atl\u00e9tico Baleares, CD Boiro, RC Ferrol, Real Murcia, RC Deportivo de la Coru\u00f1a<\/strong> y <strong>CD Eldense<\/strong>.<\/p>\n\n\n\n<p>Desde <strong>Emart&amp;Soccer<\/strong> felicitamos a <strong>Ian Mackay <\/strong>por tan importante hito y nos mostramos orgullosos de haberlo acompa\u00f1ado durante gran parte de tan prol\u00edfica carrera. \u00a1Y lo que nos queda, amigo, que tienes cuerda para rato! \u00a1Enhorabuena, <strong>Ian<\/strong>!                                                        <\/p>\n\n\n\n<p><\/p>\n","protected":false},"excerpt":{"rendered":"<p>El pasado domingo fue un d\u00eda especial para Ian Mackay. Muy especial. Y no solo porque el CF Intercity se impusiera por dos goles a uno al Orihuela CF en un duelo directo que permite al cuadro alicantino situarse quinto en la tabla del grupo 5 de Segunda RFEF, sino porque el cancerbero gallego entr\u00f3 [&hellip;]<\/p>\n","protected":false},"author":7,"featured_media":65175,"comment_status":"closed","ping_status":"closed","sticky":false,"template":"","format":"standard","meta":{"footnotes":""},"categories":[594],"tags":[],"class_list":["post-65135","post","type-post","status-publish","format-standard","has-post-thumbnail","hentry","category-noticia-masculino"],"_links":{"self":[{"href":"https:\/\/www.emartsoccer.es\/en\/wp-json\/wp\/v2\/posts\/65135","targetHints":{"allow":["GET"]}}],"collection":[{"href":"https:\/\/www.emartsoccer.es\/en\/wp-json\/wp\/v2\/posts"}],"about":[{"href":"https:\/\/www.emartsoccer.es\/en\/wp-json\/wp\/v2\/types\/post"}],"author":[{"embeddable":true,"href":"https:\/\/www.emartsoccer.es\/en\/wp-json\/wp\/v2\/users\/7"}],"replies":[{"embeddable":true,"href":"https:\/\/www.emartsoccer.es\/en\/wp-json\/wp\/v2\/comments?post=65135"}],"version-history":[{"count":3,"href":"https:\/\/www.emartsoccer.es\/en\/wp-json\/wp\/v2\/posts\/65135\/revisions"}],"predecessor-version":[{"id":65178,"href":"https:\/\/www.emartsoccer.es\/en\/wp-json\/wp\/v2\/posts\/65135\/revisions\/65178"}],"wp:featuredmedia":[{"embeddable":true,"href":"https:\/\/www.emartsoccer.es\/en\/wp-json\/wp\/v2\/media\/65175"}],"wp:attachment":[{"href":"https:\/\/www.emartsoccer.es\/en\/wp-json\/wp\/v2\/media?parent=65135"}],"wp:term":[{"taxonomy":"category","embeddable":true,"href":"https:\/\/www.emartsoccer.es\/en\/wp-json\/wp\/v2\/categories?post=65135"},{"taxonomy":"post_tag","embeddable":true,"href":"https:\/\/www.emartsoccer.es\/en\/wp-json\/wp\/v2\/tags?post=65135"}],"curies":[{"name":"wp","href":"https:\/\/api.w.org\/{rel}","templated":true}]}}