{"id":65071,"date":"2026-01-11T09:09:21","date_gmt":"2026-01-11T08:09:21","guid":{"rendered":"https:\/\/www.emartsoccer.es\/?p=65071"},"modified":"2026-01-11T09:09:24","modified_gmt":"2026-01-11T08:09:24","slug":"orest-lebedenko-campeon-de-la-copa-de-la-liga-con-el-sc-vitoria-guimaraes","status":"publish","type":"post","link":"https:\/\/www.emartsoccer.es\/en\/orest-lebedenko-campeon-de-la-copa-de-la-liga-con-el-sc-vitoria-guimaraes\/","title":{"rendered":"Orest Lebedenko, campe\u00f3n de la Copa de la Liga con el SC Vit\u00f3ria Guimaraes"},"content":{"rendered":"\n<p>El <strong>SC Vit\u00f3ria Guimaraes <\/strong>se alz\u00f3 con el tercer t\u00edtulo de su historia al derrotar en la final de la <strong>Copa de la Liga<\/strong> al<strong> SC Braga <\/strong>en un apasionante <strong>derbi del Minho<\/strong> (2-1). De esta manera, nuestro representado <strong>Orest Lebedenko logra su primer t\u00edtulo como profesional.<\/strong> Para su equipo es el tercero de la historia tras una <strong>Supercopa<\/strong> (1998) y una <strong>Copa de Portugal<\/strong> (2012).<\/p>\n\n\n\n<p><strong>FC Oporto<\/strong> (1-3), <strong>Sporting de Portugal <\/strong>(1-2) y ahora <strong>SC Braga<\/strong> (2-1) han sido los rivales que el <strong>SC Vit\u00f3ria Guimaraes <\/strong>ha tenido que eliminar para alzarse on la<strong> Copa de la Liga<\/strong>. Tres de los equipos m\u00e1s potentes de <strong>Portugal,<\/strong> con lo que el t\u00edtulo tiene todav\u00eda m\u00e1s valor.<strong> Orest Lebedenko, que est\u00e1 teniendo m\u00e1s protagonismo en competici\u00f3n liguera, apenas ha participado en este torneo <\/strong>y solo jug\u00f3 dos minutos en el duelo de cuartos de final contra el<strong> FC Oporto<\/strong>.<\/p>\n\n\n\n<p><strong>Orest Lebedenko<\/strong>, para el que el<strong> SC Vit\u00f3ria Guimaraes<\/strong> es el sexto equipo e su carrera, levanta as\u00ed el primer t\u00edtulo de su trayectoria en su tercer a\u00f1o en <strong>Portugal <\/strong>tras dos campa\u00f1as en el<strong> FC Vizela<\/strong>. Su buen hacer en dicho equipo, donde <strong>el pasado curso fue elegido como mejor lateral izquierdo de la segunda divisi\u00f3n lusa, le vali\u00f3 para dar el salto a uno de los conjuntos m\u00e1s potentes del pa\u00eds como el SC Vit\u00f3ria Guimaraes.<\/strong><\/p>\n\n\n<div class=\"wp-block-image\">\n<figure class=\"aligncenter size-large is-resized\"><img fetchpriority=\"high\" decoding=\"async\" width=\"637\" height=\"1024\" src=\"https:\/\/www.emartsoccer.es\/wp-content\/uploads\/2026\/01\/Orest_-Lebedenko-637x1024.jpeg\" alt=\"\" class=\"wp-image-65078\" style=\"aspect-ratio:0.6221109720483938;width:388px;height:auto\"\/><\/figure>\n<\/div>","protected":false},"excerpt":{"rendered":"<p>El SC Vit\u00f3ria Guimaraes se alz\u00f3 con el tercer t\u00edtulo de su historia al derrotar en la final de la Copa de la Liga al SC Braga en un apasionante derbi del Minho (2-1). De esta manera, nuestro representado Orest Lebedenko logra su primer t\u00edtulo como profesional. Para su equipo es el tercero de la [&hellip;]<\/p>\n","protected":false},"author":7,"featured_media":65074,"comment_status":"closed","ping_status":"closed","sticky":false,"template":"","format":"standard","meta":{"footnotes":""},"categories":[594],"tags":[694],"class_list":["post-65071","post","type-post","status-publish","format-standard","has-post-thumbnail","hentry","category-noticia-masculino","tag-orest-lebedenko"],"_links":{"self":[{"href":"https:\/\/www.emartsoccer.es\/en\/wp-json\/wp\/v2\/posts\/65071","targetHints":{"allow":["GET"]}}],"collection":[{"href":"https:\/\/www.emartsoccer.es\/en\/wp-json\/wp\/v2\/posts"}],"about":[{"href":"https:\/\/www.emartsoccer.es\/en\/wp-json\/wp\/v2\/types\/post"}],"author":[{"embeddable":true,"href":"https:\/\/www.emartsoccer.es\/en\/wp-json\/wp\/v2\/users\/7"}],"replies":[{"embeddable":true,"href":"https:\/\/www.emartsoccer.es\/en\/wp-json\/wp\/v2\/comments?post=65071"}],"version-history":[{"count":1,"href":"https:\/\/www.emartsoccer.es\/en\/wp-json\/wp\/v2\/posts\/65071\/revisions"}],"predecessor-version":[{"id":65080,"href":"https:\/\/www.emartsoccer.es\/en\/wp-json\/wp\/v2\/posts\/65071\/revisions\/65080"}],"wp:featuredmedia":[{"embeddable":true,"href":"https:\/\/www.emartsoccer.es\/en\/wp-json\/wp\/v2\/media\/65074"}],"wp:attachment":[{"href":"https:\/\/www.emartsoccer.es\/en\/wp-json\/wp\/v2\/media?parent=65071"}],"wp:term":[{"taxonomy":"category","embeddable":true,"href":"https:\/\/www.emartsoccer.es\/en\/wp-json\/wp\/v2\/categories?post=65071"},{"taxonomy":"post_tag","embeddable":true,"href":"https:\/\/www.emartsoccer.es\/en\/wp-json\/wp\/v2\/tags?post=65071"}],"curies":[{"name":"wp","href":"https:\/\/api.w.org\/{rel}","templated":true}]}}