{"id":64995,"date":"2025-12-31T14:08:33","date_gmt":"2025-12-31T13:08:33","guid":{"rendered":"https:\/\/www.emartsoccer.es\/?p=64995"},"modified":"2025-12-31T14:08:36","modified_gmt":"2025-12-31T13:08:36","slug":"jeremy-arevalo-protagoniza-la-mayor-revalorizacion-del-mercado-de-laliga-hypermotion","status":"publish","type":"post","link":"https:\/\/www.emartsoccer.es\/en\/jeremy-arevalo-protagoniza-la-mayor-revalorizacion-del-mercado-de-laliga-hypermotion\/","title":{"rendered":"Jeremy Ar\u00e9valo protagoniza la mayor revalorizaci\u00f3n del mercado de LaLiga Hypermotion"},"content":{"rendered":"\n<p><strong>Ocho goles en 18 jornadas, solo ocho de ellas como titular<\/strong>, <a href=\"https:\/\/www.emartsoccer.es\/jeremy-arevalo-confirma-su-proyeccion-a-base-de-goles\/\" data-type=\"link\" data-id=\"https:\/\/www.emartsoccer.es\/jeremy-arevalo-confirma-su-proyeccion-a-base-de-goles\/\">han convertido a<strong> Jeremy Ar\u00e9valo <\/strong>en el delantero de moda de <strong>LaLiga Hypermotion<\/strong>.<\/a> Sus registros cara a puerta y su buena primera parte de la campa\u00f1a le valieron para <a href=\"https:\/\/www.emartsoccer.es\/otro-premio-mas-para-jeremy-arevalo-primera-convocatoria-con-la-seleccion-absoluta-de-ecuador\/\">ser citado por vez primera con la selecci\u00f3n absoluta de <strong>Ecuador<\/strong><\/a>, y ahora es <a href=\"https:\/\/www.transfermarkt.es\/valores-de-mercado-segunda-division-yeremay-vuela-alto-el-lider-racing-sube-a-la-cima\/view\/news\/472879\">el portal especializado en fichajes, <strong>&#8216;Transfermarkt&#8217;<\/strong>, el que se hace eco del buen hacer del delantero.<\/a><\/p>\n\n\n\n<p><strong>En su \u00faltima actualizaci\u00f3n del valor de los futbolistas de LaLiga Hypermotion, Jeremy Ar\u00e9valo es el que ha obtenido una mayor subida, nada m\u00e1s y nada menos que de seis millones de euros.<\/strong> De este modo, el valor del delantero del<strong> Real Racing Club de Santander <\/strong>aumenta hasta los siete millones de euros. &#8220;<strong>Ar\u00e9valo<\/strong> debut\u00f3 con <strong>Ecuador<\/strong> en noviembre y ha logrado su gran salto esta temporada en el <strong>Real Racing Club de Santander<\/strong>, donde ha convencido por su dinamismo, su dureza en los duelos y su olfato goleador&#8221;, indic\u00f3 <strong>Tobias Blaseio<\/strong>, uno de los responsables de los valores de mercado de <strong>LaLiga Hypermotion<\/strong> en <strong>&#8216;Transfermarkt&#8217;<\/strong>.<\/p>\n\n\n\n<p><strong>Los siete millones de euros de valor calculados por &#8216;Transfermarkt&#8217; convierten a Jeremy Ar\u00e9valo en el cuarto jugador de LaLiga Hypermotion con m\u00e1s valor, el primero del Real Racing Club de Santander<\/strong>. El de<strong> Malia\u00f1o<\/strong> est\u00e1 protagonizando una espectacular explosi\u00f3n futbol\u00edstica y est\u00e1 recogiendo los frutos de su acierto cara a gol y su buen juego.<\/p>\n\n\n<div class=\"wp-block-image\">\n<figure class=\"aligncenter size-full is-resized\"><img fetchpriority=\"high\" decoding=\"async\" width=\"503\" height=\"629\" src=\"https:\/\/www.emartsoccer.es\/wp-content\/uploads\/2025\/12\/Transfermarkt_Jeremy_Arevalo.png\" alt=\"\" class=\"wp-image-64999\" style=\"width:380px;height:auto\"\/><\/figure>\n<\/div>","protected":false},"excerpt":{"rendered":"<p>Ocho goles en 18 jornadas, solo ocho de ellas como titular, han convertido a Jeremy Ar\u00e9valo en el delantero de moda de LaLiga Hypermotion. Sus registros cara a puerta y su buena primera parte de la campa\u00f1a le valieron para ser citado por vez primera con la selecci\u00f3n absoluta de Ecuador, y ahora es el [&hellip;]<\/p>\n","protected":false},"author":7,"featured_media":65001,"comment_status":"closed","ping_status":"closed","sticky":false,"template":"","format":"standard","meta":{"footnotes":""},"categories":[594],"tags":[836],"class_list":["post-64995","post","type-post","status-publish","format-standard","has-post-thumbnail","hentry","category-noticia-masculino","tag-jeremy-arevalo"],"_links":{"self":[{"href":"https:\/\/www.emartsoccer.es\/en\/wp-json\/wp\/v2\/posts\/64995","targetHints":{"allow":["GET"]}}],"collection":[{"href":"https:\/\/www.emartsoccer.es\/en\/wp-json\/wp\/v2\/posts"}],"about":[{"href":"https:\/\/www.emartsoccer.es\/en\/wp-json\/wp\/v2\/types\/post"}],"author":[{"embeddable":true,"href":"https:\/\/www.emartsoccer.es\/en\/wp-json\/wp\/v2\/users\/7"}],"replies":[{"embeddable":true,"href":"https:\/\/www.emartsoccer.es\/en\/wp-json\/wp\/v2\/comments?post=64995"}],"version-history":[{"count":2,"href":"https:\/\/www.emartsoccer.es\/en\/wp-json\/wp\/v2\/posts\/64995\/revisions"}],"predecessor-version":[{"id":65003,"href":"https:\/\/www.emartsoccer.es\/en\/wp-json\/wp\/v2\/posts\/64995\/revisions\/65003"}],"wp:featuredmedia":[{"embeddable":true,"href":"https:\/\/www.emartsoccer.es\/en\/wp-json\/wp\/v2\/media\/65001"}],"wp:attachment":[{"href":"https:\/\/www.emartsoccer.es\/en\/wp-json\/wp\/v2\/media?parent=64995"}],"wp:term":[{"taxonomy":"category","embeddable":true,"href":"https:\/\/www.emartsoccer.es\/en\/wp-json\/wp\/v2\/categories?post=64995"},{"taxonomy":"post_tag","embeddable":true,"href":"https:\/\/www.emartsoccer.es\/en\/wp-json\/wp\/v2\/tags?post=64995"}],"curies":[{"name":"wp","href":"https:\/\/api.w.org\/{rel}","templated":true}]}}