{"id":64991,"date":"2026-01-08T19:43:04","date_gmt":"2026-01-08T18:43:04","guid":{"rendered":"https:\/\/www.emartsoccer.es\/?p=64991"},"modified":"2026-01-08T19:43:07","modified_gmt":"2026-01-08T18:43:07","slug":"amani-kakounan-deja-el-cd-tenerife-y-refuerza-al-bayern-munich","status":"publish","type":"post","link":"https:\/\/www.emartsoccer.es\/en\/amani-kakounan-deja-el-cd-tenerife-y-refuerza-al-bayern-munich\/","title":{"rendered":"Amani Kakounan deja el CD Tenerife y refuerza al Bayern M\u00fanich"},"content":{"rendered":"\n<p><a href=\"https:\/\/www.emartsoccer.es\/el-bayern-munich-activa-la-clausula-de-recuperacion-de-edna-imade-que-deja-la-real-sociedad\/\" data-type=\"link\" data-id=\"https:\/\/www.emartsoccer.es\/el-bayern-munich-activa-la-clausula-de-recuperacion-de-edna-imade-que-deja-la-real-sociedad\/\">La llegada de <strong>Edna Imade <\/strong>al<strong> Bayern M\u00fanich<\/strong><\/a> no ser\u00e1 la \u00fanica protagonizada por una jugadora <strong>Emart&amp;Soccer <\/strong>en este mercado invernal. La mediocentro del <strong>CD Tenerife Amani Kakounan se marcha al cuadro b\u00e1varo traspasada y refuerza a uno de los equipos punteros de la Bundesliga femenina.<\/strong><\/p>\n\n\n\n<p><strong>Amani Kakounan<\/strong>, internacional absoluta por <strong>Costa de Marfil<\/strong>, aterriz\u00f3 en el <strong>CD Tenerife<\/strong> a principios de campa\u00f1a tras dos cursos en la <strong>SD Eibar<\/strong>, donde se erigi\u00f3 como una de las futbolistas m\u00e1s importantes del cuadro armero. La centrocampista ha seguido la misma l\u00ednea en el equipo canario, lo que <strong>ha llamado la atenci\u00f3n de un Bayern M\u00fanich que no ha dudado en hacerse con ella para reforzar su medular.<\/strong><\/p>\n\n\n\n<p><strong>La costamarfile\u00f1a ha disputado 13 de las 14 jornadas de la presente Liga F con el CD Tenerife, siendo titular en 12 encuentros y completando nueve de ellos, con un total de 1.078 minutos y marcando un gol<\/strong>. El <strong>Bayern M\u00fanich<\/strong> ser\u00e1 el sexto equipo en la carrera de <strong>Amani Kakounan<\/strong> tras<strong> Extremadura UD<\/strong> (2019-2020), <strong>PM Friol <\/strong>(2020-2021),<strong> FF La Solana<\/strong> (2021-2022), <strong>DUX Logro\u00f1o<\/strong> (2022-2023), <strong>SD Eibar<\/strong> (2023-2025) y el <strong>CD Tenerife<\/strong>, donde ha estado media campa\u00f1a.<\/p>\n\n\n\n<p><strong>Futbolista muy f\u00edsica y ganadora de duelos, Amani Kakounan es una jugadora clave en cualquier centro del campo que se precie.<\/strong> Adem\u00e1s de ello, la costamarfile\u00f1a tiene buen toque de bal\u00f3n, llegada al \u00e1rea y un gran disparo lejano. El <strong>Bayern M\u00fanich<\/strong> gana m\u00fasculo y calidad con su llegada. \u00a1Muchas felicidades por este gran paso en tu carrera,<strong>Amani<\/strong>!<\/p>\n","protected":false},"excerpt":{"rendered":"<p>La llegada de Edna Imade al Bayern M\u00fanich no ser\u00e1 la \u00fanica protagonizada por una jugadora Emart&amp;Soccer en este mercado invernal. La mediocentro del CD Tenerife Amani Kakounan se marcha al cuadro b\u00e1varo traspasada y refuerza a uno de los equipos punteros de la Bundesliga femenina. Amani Kakounan, internacional absoluta por Costa de Marfil, aterriz\u00f3 [&hellip;]<\/p>\n","protected":false},"author":7,"featured_media":65066,"comment_status":"closed","ping_status":"closed","sticky":false,"template":"","format":"standard","meta":{"footnotes":""},"categories":[593],"tags":[904],"class_list":["post-64991","post","type-post","status-publish","format-standard","has-post-thumbnail","hentry","category-noticia-femenino","tag-amani-kakounan"],"_links":{"self":[{"href":"https:\/\/www.emartsoccer.es\/en\/wp-json\/wp\/v2\/posts\/64991","targetHints":{"allow":["GET"]}}],"collection":[{"href":"https:\/\/www.emartsoccer.es\/en\/wp-json\/wp\/v2\/posts"}],"about":[{"href":"https:\/\/www.emartsoccer.es\/en\/wp-json\/wp\/v2\/types\/post"}],"author":[{"embeddable":true,"href":"https:\/\/www.emartsoccer.es\/en\/wp-json\/wp\/v2\/users\/7"}],"replies":[{"embeddable":true,"href":"https:\/\/www.emartsoccer.es\/en\/wp-json\/wp\/v2\/comments?post=64991"}],"version-history":[{"count":2,"href":"https:\/\/www.emartsoccer.es\/en\/wp-json\/wp\/v2\/posts\/64991\/revisions"}],"predecessor-version":[{"id":65068,"href":"https:\/\/www.emartsoccer.es\/en\/wp-json\/wp\/v2\/posts\/64991\/revisions\/65068"}],"wp:featuredmedia":[{"embeddable":true,"href":"https:\/\/www.emartsoccer.es\/en\/wp-json\/wp\/v2\/media\/65066"}],"wp:attachment":[{"href":"https:\/\/www.emartsoccer.es\/en\/wp-json\/wp\/v2\/media?parent=64991"}],"wp:term":[{"taxonomy":"category","embeddable":true,"href":"https:\/\/www.emartsoccer.es\/en\/wp-json\/wp\/v2\/categories?post=64991"},{"taxonomy":"post_tag","embeddable":true,"href":"https:\/\/www.emartsoccer.es\/en\/wp-json\/wp\/v2\/tags?post=64991"}],"curies":[{"name":"wp","href":"https:\/\/api.w.org\/{rel}","templated":true}]}}