{"id":64977,"date":"2025-12-30T13:22:07","date_gmt":"2025-12-30T12:22:07","guid":{"rendered":"https:\/\/www.emartsoccer.es\/?p=64977"},"modified":"2025-12-30T13:22:12","modified_gmt":"2025-12-30T12:22:12","slug":"el-bayern-munich-activa-la-clausula-de-recuperacion-de-edna-imade-que-deja-la-real-sociedad","status":"publish","type":"post","link":"https:\/\/www.emartsoccer.es\/en\/el-bayern-munich-activa-la-clausula-de-recuperacion-de-edna-imade-que-deja-la-real-sociedad\/","title":{"rendered":"El Bayern M\u00fanich activa la cl\u00e1usula de recuperaci\u00f3n de Edna Imade, que deja la Real Sociedad"},"content":{"rendered":"\n<p>No para el crecimiento de <strong>Edna Imade,<\/strong> que <strong>ha sido reclamada por el Bayern M\u00fanich para que refuerce el conjunto b\u00e1varo en este mercado invernal. <\/strong>El club alem\u00e1n, que<a href=\"https:\/\/www.emartsoccer.es\/edna-imade-ficha-por-el-bayern-munich-y-se-marcha-cedida-a-la-real-sociedad\/\" data-type=\"link\" data-id=\"https:\/\/www.emartsoccer.es\/edna-imade-ficha-por-el-bayern-munich-y-se-marcha-cedida-a-la-real-sociedad\/\"> fich\u00f3 a la delantera el pasado verano y la cedi\u00f3 a la <strong>Real Sociedad<\/strong>, <\/a>ha activado la cla\u00fasula que le permit\u00eda recuperarla en esta ventana de pases, con lo que <strong>Edna<\/strong> refuerza al equipo que posee sus derechos y jugar\u00e1 en la <strong>Bundesliga <\/strong>femenina.<\/p>\n\n\n\n<p><strong>Edna Imade<\/strong>, <strong>autora de ocho dianas con la Real Sociedad en Liga F y una de las grandes protagonistas del buen hacer de un conjunto donostiarra que es tercero en la competici\u00f3n liguera,<\/strong> vio premiada su gran temporada con la <a href=\"https:\/\/www.emartsoccer.es\/edna-imade-debut-con-espana-en-la-ida-de-la-final-de-la-nations-league-y-campeona-en-su-segundo-encuentro-como-internacional-absoluta\/\" data-type=\"link\" data-id=\"https:\/\/www.emartsoccer.es\/edna-imade-debut-con-espana-en-la-ida-de-la-final-de-la-nations-league-y-campeona-en-su-segundo-encuentro-como-internacional-absoluta\/\">citaci\u00f3n por parte de la selecci\u00f3n espa\u00f1ola para la final a doble partido de la <strong>Nations League<\/strong>, debutando de manera oficial y proclam\u00e1ndose campeona.<\/a> Ahora da un paso m\u00e1s en su carrera, aunque antes de tiempo, incorpor\u00e1ndose al <strong>Bayern M\u00fanich<\/strong>, donde espera seguir goleando. El cuadro germano es l\u00edder de la <strong>Bundesliga <\/strong>femenina con seis puntos de ventaja sobre el segundo clasificado.<\/p>\n\n\n\n<p>Pese a su marcha, <strong>Edna Imade<\/strong> todav\u00eda no ha dicho su \u00faltima palabra en la<strong> Real Sociedad<\/strong>. La internacional espa\u00f1ola <strong>jugar\u00e1 su \u00faltimo encuentro como futbolista txuri urdin el pr\u00f3ximo 10 de enero, cuando el cuadro donostiarra visitar\u00e1 al Club Atl\u00e9tico de Madrid<\/strong> en duelo correspondiente a la jornada 15 de la <strong>Liga F.<\/strong> Tras ese encuentro, <strong>Edna Imade<\/strong> abandonar\u00e1 definitivamente el conjunto donostiarra para reforzar al <strong>Bayern M\u00fanich<\/strong>. <\/p>\n\n\n\n<p>Desde <strong>Emart&amp;Soccer<\/strong> deseamos a<strong> Edna Imade <\/strong>much\u00edsima suerte en su nueva aventura con el <strong>Bayern M\u00fanich<\/strong>, donde estamos convencidos que seguir\u00e1 demostrando su nivel y potencial a base de lo que mejor sabe hacer: marcar goles. \u00a1A por todas, <strong>Edna<\/strong>!<\/p>\n","protected":false},"excerpt":{"rendered":"<p>No para el crecimiento de Edna Imade, que ha sido reclamada por el Bayern M\u00fanich para que refuerce el conjunto b\u00e1varo en este mercado invernal. El club alem\u00e1n, que fich\u00f3 a la delantera el pasado verano y la cedi\u00f3 a la Real Sociedad, ha activado la cla\u00fasula que le permit\u00eda recuperarla en esta ventana de [&hellip;]<\/p>\n","protected":false},"author":7,"featured_media":64980,"comment_status":"closed","ping_status":"closed","sticky":false,"template":"","format":"standard","meta":{"footnotes":""},"categories":[593],"tags":[793],"class_list":["post-64977","post","type-post","status-publish","format-standard","has-post-thumbnail","hentry","category-noticia-femenino","tag-edna-imade"],"_links":{"self":[{"href":"https:\/\/www.emartsoccer.es\/en\/wp-json\/wp\/v2\/posts\/64977","targetHints":{"allow":["GET"]}}],"collection":[{"href":"https:\/\/www.emartsoccer.es\/en\/wp-json\/wp\/v2\/posts"}],"about":[{"href":"https:\/\/www.emartsoccer.es\/en\/wp-json\/wp\/v2\/types\/post"}],"author":[{"embeddable":true,"href":"https:\/\/www.emartsoccer.es\/en\/wp-json\/wp\/v2\/users\/7"}],"replies":[{"embeddable":true,"href":"https:\/\/www.emartsoccer.es\/en\/wp-json\/wp\/v2\/comments?post=64977"}],"version-history":[{"count":1,"href":"https:\/\/www.emartsoccer.es\/en\/wp-json\/wp\/v2\/posts\/64977\/revisions"}],"predecessor-version":[{"id":64982,"href":"https:\/\/www.emartsoccer.es\/en\/wp-json\/wp\/v2\/posts\/64977\/revisions\/64982"}],"wp:featuredmedia":[{"embeddable":true,"href":"https:\/\/www.emartsoccer.es\/en\/wp-json\/wp\/v2\/media\/64980"}],"wp:attachment":[{"href":"https:\/\/www.emartsoccer.es\/en\/wp-json\/wp\/v2\/media?parent=64977"}],"wp:term":[{"taxonomy":"category","embeddable":true,"href":"https:\/\/www.emartsoccer.es\/en\/wp-json\/wp\/v2\/categories?post=64977"},{"taxonomy":"post_tag","embeddable":true,"href":"https:\/\/www.emartsoccer.es\/en\/wp-json\/wp\/v2\/tags?post=64977"}],"curies":[{"name":"wp","href":"https:\/\/api.w.org\/{rel}","templated":true}]}}