{"id":64969,"date":"2025-12-28T17:31:37","date_gmt":"2025-12-28T16:31:37","guid":{"rendered":"https:\/\/www.emartsoccer.es\/?p=64969"},"modified":"2025-12-28T17:32:22","modified_gmt":"2025-12-28T16:32:22","slug":"emartsoccer-despide-un-2025-exitoso-y-afronta-el-2026-con-el-objetivo-de-mejorar-y-superarse","status":"publish","type":"post","link":"https:\/\/www.emartsoccer.es\/en\/emartsoccer-despide-un-2025-exitoso-y-afronta-el-2026-con-el-objetivo-de-mejorar-y-superarse\/","title":{"rendered":"Emart&amp;Soccer despide un 2025 exitoso y afronta el 2026 con el objetivo de mejorar y superarse"},"content":{"rendered":"\n<p>Un a\u00f1o m\u00e1s, y ya van 35. <strong>Emart&amp;Soccer <\/strong>cierra el 2025 como una de las agencias espa\u00f1olas m\u00e1s en forma y que m\u00e1s movimientos ha realizado a lo largo del a\u00f1o en los mercados. El trabajo, los contactos con los clubes y el cari\u00f1o con el que tratamos a nuestros futbolistas <strong>nos convierten en una de las agencias m\u00e1s exitosas del mercado nacional.<\/strong><\/p>\n\n\n\n<p>Los n\u00fameros de <strong>Emart&amp;Soccer<\/strong> siguen siendo brillantes. <strong>Cerramos el 2025 con 176 futbolistas representados entre profesionales y f\u00fatbol base, y se han incorporado a la agencia 41 nuevos jugadores. <\/strong>Adem\u00e1s de ello, 42 futbolistas que finalizaban su contrato con nosotros han renovado su v\u00ednculo, muestra del buen hacer y la confianza en el trabajo de la agencia.<\/p>\n\n\n\n<p>Y ello se ve, sobre todo, en los mercados. Siempre buscando el crecimiento del jugador y su mejor opci\u00f3n, <strong>en este 2025 Emart&amp;Soccer ha realizado un total de 113 movimientos entre el mercado de invierno y el de verano, y de ellos 18 han significaco que el jugador involucrado hay subido al menos una categor\u00eda.<\/strong> Todos esos movimientos han sido en ocho pa\u00edses distintos, destacando <strong>Polonia<\/strong>, donde tenemos una fuerte presencia, y tanto<strong> Estados Unidos<\/strong> como<strong> Malasia<\/strong>, donde hemos abierto mercado con <strong>Jorge Alastuey <\/strong>y <strong>Ra\u00fal Parra<\/strong>, que <a href=\"https:\/\/www.emartsoccer.es\/jorge-alastuey-de-la-masia-al-mundo\/\" data-type=\"link\" data-id=\"https:\/\/www.emartsoccer.es\/jorge-alastuey-de-la-masia-al-mundo\/\">recalaron en el <strong>Austin FC<\/strong><\/a><strong> <\/strong>y <a href=\"https:\/\/www.emartsoccer.es\/destino-exotico-para-raul-parra-se-marcha-al-johor-darul-tazim-de-malasia\/\">el <strong>Johor FC<\/strong>,<\/a> respectivamente.<\/p>\n\n\n\n<p>En lo que respecta a los debuts, <strong>el gran momento de este 2025 para Emart&amp;Soccer fue <a href=\"https:\/\/www.emartsoccer.es\/otro-premio-mas-para-jeremy-arevalo-primera-convocatoria-con-la-seleccion-absoluta-de-ecuador\/\" data-type=\"link\" data-id=\"https:\/\/www.emartsoccer.es\/otro-premio-mas-para-jeremy-arevalo-primera-convocatoria-con-la-seleccion-absoluta-de-ecuador\/\">la citaci\u00f3n de Jeremy Ar\u00e9valo por parte de la selecci\u00f3n absoluta de Ecuador en el pasado par\u00f3n invernal<\/a><\/strong>; el atacante debut\u00f3 en duelo amistoso. Adem\u00e1s, seis jugadores han tenido minutos por primera vez con sus respectivos equipos de <strong>LaLiga,<\/strong> <a href=\"https:\/\/www.emartsoccer.es\/rafita-garrido-debuta-en-laliga-con-el-primer-equipo-del-malaga-cf\/\" data-type=\"link\" data-id=\"https:\/\/www.emartsoccer.es\/rafita-garrido-debuta-en-laliga-con-el-primer-equipo-del-malaga-cf\/\">siendo<strong> Rafita<\/strong> con el <strong>M\u00e1laga CF<\/strong><\/a> y <a href=\"https:\/\/www.emartsoccer.es\/roberto-arroyo-debuta-con-el-primer-equipo-de-ca-osasuna-con-una-asistencia-de-gol\/\" data-type=\"link\" data-id=\"https:\/\/www.emartsoccer.es\/roberto-arroyo-debuta-con-el-primer-equipo-de-ca-osasuna-con-una-asistencia-de-gol\/\"><strong>Roberto Arroyo<\/strong> con <strong>CA Osasuna<\/strong> en <strong>Copa del Rey<\/strong> <\/a>los \u00faltimos.<\/p>\n\n\n\n<p><strong>Dejamos atr\u00e1s un 2025 de \u00e9xitos para Emart&amp;Soccer e iniciamos un 2026 que arranca con un mercado que ya llevamos meses preparando<\/strong>. Miramos al futuro con optimismo y con el objetivo de mejorar y superar nuestrso n\u00fameros. <\/p>\n","protected":false},"excerpt":{"rendered":"<p>Un a\u00f1o m\u00e1s, y ya van 35. Emart&amp;Soccer cierra el 2025 como una de las agencias espa\u00f1olas m\u00e1s en forma y que m\u00e1s movimientos ha realizado a lo largo del a\u00f1o en los mercados. El trabajo, los contactos con los clubes y el cari\u00f1o con el que tratamos a nuestros futbolistas nos convierten en una [&hellip;]<\/p>\n","protected":false},"author":7,"featured_media":64972,"comment_status":"closed","ping_status":"closed","sticky":false,"template":"","format":"standard","meta":{"footnotes":""},"categories":[594],"tags":[676],"class_list":["post-64969","post","type-post","status-publish","format-standard","has-post-thumbnail","hentry","category-noticia-masculino","tag-emartsoccer"],"_links":{"self":[{"href":"https:\/\/www.emartsoccer.es\/en\/wp-json\/wp\/v2\/posts\/64969","targetHints":{"allow":["GET"]}}],"collection":[{"href":"https:\/\/www.emartsoccer.es\/en\/wp-json\/wp\/v2\/posts"}],"about":[{"href":"https:\/\/www.emartsoccer.es\/en\/wp-json\/wp\/v2\/types\/post"}],"author":[{"embeddable":true,"href":"https:\/\/www.emartsoccer.es\/en\/wp-json\/wp\/v2\/users\/7"}],"replies":[{"embeddable":true,"href":"https:\/\/www.emartsoccer.es\/en\/wp-json\/wp\/v2\/comments?post=64969"}],"version-history":[{"count":1,"href":"https:\/\/www.emartsoccer.es\/en\/wp-json\/wp\/v2\/posts\/64969\/revisions"}],"predecessor-version":[{"id":64974,"href":"https:\/\/www.emartsoccer.es\/en\/wp-json\/wp\/v2\/posts\/64969\/revisions\/64974"}],"wp:featuredmedia":[{"embeddable":true,"href":"https:\/\/www.emartsoccer.es\/en\/wp-json\/wp\/v2\/media\/64972"}],"wp:attachment":[{"href":"https:\/\/www.emartsoccer.es\/en\/wp-json\/wp\/v2\/media?parent=64969"}],"wp:term":[{"taxonomy":"category","embeddable":true,"href":"https:\/\/www.emartsoccer.es\/en\/wp-json\/wp\/v2\/categories?post=64969"},{"taxonomy":"post_tag","embeddable":true,"href":"https:\/\/www.emartsoccer.es\/en\/wp-json\/wp\/v2\/tags?post=64969"}],"curies":[{"name":"wp","href":"https:\/\/api.w.org\/{rel}","templated":true}]}}