{"id":64962,"date":"2025-12-27T17:20:20","date_gmt":"2025-12-27T16:20:20","guid":{"rendered":"https:\/\/www.emartsoccer.es\/?p=64962"},"modified":"2025-12-27T17:20:23","modified_gmt":"2025-12-27T16:20:23","slug":"el-jugador-que-mas-veces-centra-de-laliga-ea-sports-en-2025-es-carlos-vicente","status":"publish","type":"post","link":"https:\/\/www.emartsoccer.es\/en\/el-jugador-que-mas-veces-centra-de-laliga-ea-sports-en-2025-es-carlos-vicente\/","title":{"rendered":"El jugador que m\u00e1s veces centra de LaLiga EA Sports en 2025 es Carlos Vicente"},"content":{"rendered":"\n<p><a href=\"https:\/\/www.emartsoccer.es\/carlos-vicente-marca-y-asiste-en-copa-del-rey-y-supera-sus-registros-goleadores-de-la-pasada-campana\/\" data-type=\"link\" data-id=\"https:\/\/www.emartsoccer.es\/carlos-vicente-marca-y-asiste-en-copa-del-rey-y-supera-sus-registros-goleadores-de-la-pasada-campana\/\">Est\u00e1 acertado <strong>Carlos Vicente<\/strong> de cara a porter\u00eda<\/a> en lo que llevamos de temporada, pese a que ella no es su principal funci\u00f3n. <strong>Su posici\u00f3n de extremo derecho est m\u00e1s orientada a poner centros. Y en eso ha sido el mejor de LaLiga EA Sports en 2025.<\/strong><\/p>\n\n\n\n<p>As\u00ed <a href=\"https:\/\/es.besoccer.com\/noticia\/actualidad-noticias-alaves-primera-division-besoccer-1368301\">lo desgranan datos de <strong>Besoccer Pro<\/strong>,<\/a> que <strong>recoge el n\u00famero de centros que ha puesto Carlos Vicente a lo largo de 2025, 170.<\/strong> El extremo del <strong>Deportivo Alav\u00e9s<\/strong> supera con claridad al segundo y tercer clasificado en esta faceta: <strong>Jes\u00fas Areso<\/strong>, de <strong>CA Osasuna<\/strong>, ha puesto 145 centros, mientras que el jugador del <strong>FC Barcelona Lamine Yamal<\/strong> ha centrado en 135 ocasiones.<\/p>\n\n\n\n<p>Los 170 centros de <strong>Carlos Vicente <\/strong>se reparten entre los 37 encuentros de <strong>LaLiga EA Sports <\/strong>que ha disputado en este a\u00f1o natural. Ello supone que <strong>ha promediado 4,5 centros por partido, muestra de lo peligroso y lo importante que es el aragon\u00e9s para el Deportivo Alav\u00e9s<\/strong>, que tiene en el extremo derecho una de sus grandes bazas en ataque.<\/p>\n","protected":false},"excerpt":{"rendered":"<p>Est\u00e1 acertado Carlos Vicente de cara a porter\u00eda en lo que llevamos de temporada, pese a que ella no es su principal funci\u00f3n. Su posici\u00f3n de extremo derecho est m\u00e1s orientada a poner centros. Y en eso ha sido el mejor de LaLiga EA Sports en 2025. As\u00ed lo desgranan datos de Besoccer Pro, que [&hellip;]<\/p>\n","protected":false},"author":7,"featured_media":64965,"comment_status":"closed","ping_status":"closed","sticky":false,"template":"","format":"standard","meta":{"footnotes":""},"categories":[594],"tags":[903],"class_list":["post-64962","post","type-post","status-publish","format-standard","has-post-thumbnail","hentry","category-noticia-masculino","tag-caros-vicente"],"_links":{"self":[{"href":"https:\/\/www.emartsoccer.es\/en\/wp-json\/wp\/v2\/posts\/64962","targetHints":{"allow":["GET"]}}],"collection":[{"href":"https:\/\/www.emartsoccer.es\/en\/wp-json\/wp\/v2\/posts"}],"about":[{"href":"https:\/\/www.emartsoccer.es\/en\/wp-json\/wp\/v2\/types\/post"}],"author":[{"embeddable":true,"href":"https:\/\/www.emartsoccer.es\/en\/wp-json\/wp\/v2\/users\/7"}],"replies":[{"embeddable":true,"href":"https:\/\/www.emartsoccer.es\/en\/wp-json\/wp\/v2\/comments?post=64962"}],"version-history":[{"count":1,"href":"https:\/\/www.emartsoccer.es\/en\/wp-json\/wp\/v2\/posts\/64962\/revisions"}],"predecessor-version":[{"id":64967,"href":"https:\/\/www.emartsoccer.es\/en\/wp-json\/wp\/v2\/posts\/64962\/revisions\/64967"}],"wp:featuredmedia":[{"embeddable":true,"href":"https:\/\/www.emartsoccer.es\/en\/wp-json\/wp\/v2\/media\/64965"}],"wp:attachment":[{"href":"https:\/\/www.emartsoccer.es\/en\/wp-json\/wp\/v2\/media?parent=64962"}],"wp:term":[{"taxonomy":"category","embeddable":true,"href":"https:\/\/www.emartsoccer.es\/en\/wp-json\/wp\/v2\/categories?post=64962"},{"taxonomy":"post_tag","embeddable":true,"href":"https:\/\/www.emartsoccer.es\/en\/wp-json\/wp\/v2\/tags?post=64962"}],"curies":[{"name":"wp","href":"https:\/\/api.w.org\/{rel}","templated":true}]}}