{"id":64948,"date":"2025-12-26T07:16:24","date_gmt":"2025-12-26T06:16:24","guid":{"rendered":"https:\/\/www.emartsoccer.es\/?p=64948"},"modified":"2025-12-26T10:18:38","modified_gmt":"2025-12-26T09:18:38","slug":"2025-el-ano-de-ruben-diez","status":"publish","type":"post","link":"https:\/\/www.emartsoccer.es\/en\/2025-el-ano-de-ruben-diez\/","title":{"rendered":"2025, el a\u00f1o de Rub\u00e9n D\u00edez"},"content":{"rendered":"\n<p>Si hay un jugador que va a recordar con especial cari\u00f1o este 2025 que dejamos atr\u00e1s ese es el centrocampista de la <strong>AD Ceuta Rub\u00e9n D\u00edez. El aragon\u00e9s, pieza clave en la medular caballa, acaba el a\u00f1o con la satisfacci\u00f3n de haber rendido a un gran nivel desde el primer d\u00eda<\/strong>.<\/p>\n\n\n\n<p>Porque m\u00e1s all\u00e1 de los \u00e9xitos colectivos de la <strong>AD Ceuta<\/strong> como e<a href=\"https:\/\/www.emartsoccer.es\/pedro-lopez-y-ruben-diez-ascienden-con-la-ad-ceuta-fc-a-laliga-hypermotion\/\" data-type=\"link\" data-id=\"https:\/\/www.emartsoccer.es\/pedro-lopez-y-ruben-diez-ascienden-con-la-ad-ceuta-fc-a-laliga-hypermotion\/\">l ascenso a<strong> LaLiga Hypermotion<\/strong> desde <strong>Primera RFEF<\/strong> como campe\u00f3n absoluto <\/a>o el hecho de estar en media tabla de la categor\u00eda de plata del f\u00fatbol espa\u00f1ol a tan slo un punto del &#8216;play-off&#8217; de ascenso,<strong> Rub\u00e9n D\u00edez<\/strong> festeja sus logros individuales. <strong>De los 35 partidos oficiales que ha disputado en 2025, 30 como titular, el centrocampista tan solo ha lamentado cuatro derrotas.<\/strong> Adem\u00e1s, ha marcado cinco goles, cuatro de ellos este curso; el \u00faltimo, la \u00faltima jornada antes del par\u00f3n navide\u00f1o en la victoria de su equipo ante la<strong> Real Socidad B<\/strong> (1-3). Como todos los dem\u00e1s de esta temporada, desde los once metros, donde es un aut\u00e9ntico especialista.<\/p>\n\n\n\n<p><strong>Rub\u00e9n D\u00edez <\/strong>cumple su segunda campa\u00f1a en la <strong>AD Ceuta<\/strong>, donde su rol principal es indiscutible, pr\u00e1cticamente como en todos los equipos en los que ha estado. El aragon\u00e9s, que ha pasado por<strong> CD Ebro, Deportivo Arag\u00f3n, SD Tarazona, CD Teruel<\/strong> y equipos hist\u00f3ricos del f\u00fatbol espa\u00f1ol como<strong> CD Castell\u00f3n, CD Tenerife o RC Deportivo de la Coru\u00f1a<\/strong>, lleg\u00f3 a su actual club tras un curso en la <strong>UD Ibiza<\/strong>. <strong>En la ciudad aut\u00f3noma, Rub\u00e9n D\u00edez ha recuperado su mejor f\u00fatbol y la confianza, de lo que se beneficia un cuadro caballa que sue\u00f1a de su mano.<\/strong><\/p>\n\n\n\n<p>Dominando todos los registros y marcando los tiempos de los encuentros,<strong> un Rub\u00e9n D\u00edez que se perdi\u00f3 las dos primeras jornadas de esta campa\u00f1a no ha salido del once de la AD Ceuta desde entonces.<\/strong> El preparador caballa, <strong>Jos\u00e9 Juan Romero<\/strong>, tiene una confianza ciega en \u00e9l, puesto que es el verdadero motor del equipo. El aragon\u00e9s, de 32 a\u00f1os, vive una segunda juventud.<\/p>\n","protected":false},"excerpt":{"rendered":"<p>Si hay un jugador que va a recordar con especial cari\u00f1o este 2025 que dejamos atr\u00e1s ese es el centrocampista de la AD Ceuta Rub\u00e9n D\u00edez. El aragon\u00e9s, pieza clave en la medular caballa, acaba el a\u00f1o con la satisfacci\u00f3n de haber rendido a un gran nivel desde el primer d\u00eda. Porque m\u00e1s all\u00e1 de [&hellip;]<\/p>\n","protected":false},"author":7,"featured_media":64951,"comment_status":"closed","ping_status":"closed","sticky":false,"template":"","format":"standard","meta":{"footnotes":""},"categories":[594],"tags":[686],"class_list":["post-64948","post","type-post","status-publish","format-standard","has-post-thumbnail","hentry","category-noticia-masculino","tag-ruben-diez"],"_links":{"self":[{"href":"https:\/\/www.emartsoccer.es\/en\/wp-json\/wp\/v2\/posts\/64948","targetHints":{"allow":["GET"]}}],"collection":[{"href":"https:\/\/www.emartsoccer.es\/en\/wp-json\/wp\/v2\/posts"}],"about":[{"href":"https:\/\/www.emartsoccer.es\/en\/wp-json\/wp\/v2\/types\/post"}],"author":[{"embeddable":true,"href":"https:\/\/www.emartsoccer.es\/en\/wp-json\/wp\/v2\/users\/7"}],"replies":[{"embeddable":true,"href":"https:\/\/www.emartsoccer.es\/en\/wp-json\/wp\/v2\/comments?post=64948"}],"version-history":[{"count":1,"href":"https:\/\/www.emartsoccer.es\/en\/wp-json\/wp\/v2\/posts\/64948\/revisions"}],"predecessor-version":[{"id":64953,"href":"https:\/\/www.emartsoccer.es\/en\/wp-json\/wp\/v2\/posts\/64948\/revisions\/64953"}],"wp:featuredmedia":[{"embeddable":true,"href":"https:\/\/www.emartsoccer.es\/en\/wp-json\/wp\/v2\/media\/64951"}],"wp:attachment":[{"href":"https:\/\/www.emartsoccer.es\/en\/wp-json\/wp\/v2\/media?parent=64948"}],"wp:term":[{"taxonomy":"category","embeddable":true,"href":"https:\/\/www.emartsoccer.es\/en\/wp-json\/wp\/v2\/categories?post=64948"},{"taxonomy":"post_tag","embeddable":true,"href":"https:\/\/www.emartsoccer.es\/en\/wp-json\/wp\/v2\/tags?post=64948"}],"curies":[{"name":"wp","href":"https:\/\/api.w.org\/{rel}","templated":true}]}}