{"id":64932,"date":"2026-01-12T07:35:21","date_gmt":"2026-01-12T06:35:21","guid":{"rendered":"https:\/\/www.emartsoccer.es\/?p=64932"},"modified":"2026-01-13T16:43:33","modified_gmt":"2026-01-13T15:43:33","slug":"jeremy-arevalo-debuta-en-la-bundesliga-y-es-el-septimo-jugador-ecuatoriano-en-disputar-dicha-competicion","status":"publish","type":"post","link":"https:\/\/www.emartsoccer.es\/en\/jeremy-arevalo-debuta-en-la-bundesliga-y-es-el-septimo-jugador-ecuatoriano-en-disputar-dicha-competicion\/","title":{"rendered":"Jeremy Ar\u00e9valo debuta en la Bundesliga y es el s\u00e9ptimo jugador ecuatoriano en disputar dicha competici\u00f3n"},"content":{"rendered":"\n<p><a href=\"https:\/\/www.emartsoccer.es\/jeremy-arevalo-nombrado-mejor-jugador-del-mes-de-octubre-en-laliga-hypermotion\/\" data-type=\"link\" data-id=\"https:\/\/www.emartsoccer.es\/jeremy-arevalo-nombrado-mejor-jugador-del-mes-de-octubre-en-laliga-hypermotion\/\">El gran arranque de temporada de <strong>Jeremy Ar\u00e9valo<\/strong> <\/a>despert\u00f3 el inter\u00e9s de varios clubes de <strong>Europa<\/strong>, pero el ariete <a href=\"https:\/\/www.emartsoccer.es\/jeremy-arevalo-firma-por-hasta-2031-con-el-vfb-stuttgart-con-el-que-jugara-la-europa-league\/\" data-type=\"link\" data-id=\"https:\/\/www.emartsoccer.es\/jeremy-arevalo-firma-por-hasta-2031-con-el-vfb-stuttgart-con-el-que-jugara-la-europa-league\/\">ha escogido el <strong>VfB Sttutgart <\/strong>de la <strong>Bundesliga<\/strong>. <\/a>Una competici\u00f3n que se ajusta a sus caracter\u00edsticas y que es perfecta para proseguir con su carrera y crecimiento, en la que otros seis ecuatorianos ya probaron suerte. De este modo, <strong>Jeremy ser\u00e1 el s\u00e9ptimo futbolista de dicha nacionalidad que milite en el campeonato liguero alem\u00e1n<\/strong>, con la esperanza de seguir los pasos de los dos \u00faltimos ecuatorianos que jugaron la <strong>Bundesliga: William Pacho<\/strong> y <strong>Piero Hincapi\u00e9<\/strong>. El de <strong>Malia\u00f1o<\/strong> debut\u00f3 esta pasada jornada en la victoria del <strong>VfB Stuttgart <\/strong>ante el <strong>Bayer Leverusen<\/strong> (1-4), al ingresar al terreno de juego en el 79&#8242;.<\/p>\n\n\n\n<p>La <strong>Bundesliga<\/strong> fue el primer campeonato europeo para un <strong>Piero Hincapi\u00e9<\/strong> que lleg\u00f3 con 19 a\u00f1os al <strong>Bayer Leverkusen <\/strong>en la campa\u00f1a 2021-22 y que, tras 166 partidos en el campeonato, un t\u00edtulo liguero y una <strong>Supercopa<\/strong> en cuatro cursos, ha dado el salto al <strong>Arsenal FC<\/strong>. El central, internacional con la seleci\u00f3n ecuatoriana, surgi\u00f3 de la cantera de <strong>Independiente del Valle<\/strong>, misma en la que se form\u00f3 el tambi\u00e9n seleccionado por la absoluta y actual jugador del <strong>PSG William Pacho<\/strong>. El tambi\u00e9n central y compatriota de <strong>Jeremy Ar\u00e9valo <\/strong>disput\u00f3 44 duelos a un gran nivel en la campa\u00f1a 2023-24 con el <strong>Eintracht Frankfurt<\/strong>, club al que lleg\u00f3 procedente del <strong>Royal Amberes<\/strong> belga; ello le vali\u00f3 para firmar por el conjunto de la capital de <strong>Francia<\/strong>.<\/p>\n\n\n\n<p><strong>Piero Hincapi\u00e9<\/strong> y <strong>William Pacho<\/strong> son los \u00faltimos jugadores ecuatorianos en jugar en la <strong>Bundesliga<\/strong> y a los que mejor les ha ido, muestra del buen momento que vive el f\u00fatbol de <strong>Ecuador<\/strong>. Pero no son los \u00fanicos. Anteriormente, <strong>F\u00e9lix Borja<\/strong> jug\u00f3 en el <strong>Mainz 05 <\/strong>en el curso 2009-10 sin demasiada suerte; <strong>Cristian Lionel Ram\u00edrez<\/strong> lo hizo en la campa\u00f1a 2012-13 en el <strong>Fortuna D\u00fcsseldorf; Andersson Ordo\u00f1ez<\/strong> actu\u00f3 en el <strong>Eintracht Frankfurt <\/strong>de 2016 a 2018; <strong>Carlos Gruezo milit\u00f3 en el actual equipo de Jeremy Ar\u00e9valo, el VfB Stuttgart,<\/strong> de 2013 a 2016 antes de pasar a un <strong>Augsburg<\/strong> donde estuvo las cuatro campa\u00f1as siguientes; y <strong>Johan Mina <\/strong>actu\u00f3 en el filial del <strong>Werder Bremen<\/strong> en la 2023-24.<\/p>\n\n\n\n<p>La <strong>Bundesliga<\/strong>, una competici\u00f3n en la que muchos talentos sudamericanos han explotado y han desarrollado su carrera caso de <strong>Giovanni Elber<\/strong>, <strong>Roque Santa Cruz <\/strong>o <strong>Claudio Pizarro<\/strong>, por citar algunos ejemplos, es <strong>el nuevo reto de Jeremy Ar\u00e9valo<\/strong>, que quiere seguir los pasos de los futbolistas citados. Si contin\u00faa al ritmo marcado en el <strong>Real Racing Club<\/strong>, lo har\u00e1 sin duda.<\/p>\n\n\n\n<p><\/p>\n","protected":false},"excerpt":{"rendered":"<p>El gran arranque de temporada de Jeremy Ar\u00e9valo despert\u00f3 el inter\u00e9s de varios clubes de Europa, pero el ariete ha escogido el VfB Sttutgart de la Bundesliga. Una competici\u00f3n que se ajusta a sus caracter\u00edsticas y que es perfecta para proseguir con su carrera y crecimiento, en la que otros seis ecuatorianos ya probaron suerte. [&hellip;]<\/p>\n","protected":false},"author":7,"featured_media":65130,"comment_status":"closed","ping_status":"closed","sticky":false,"template":"","format":"standard","meta":{"footnotes":""},"categories":[594],"tags":[836],"class_list":["post-64932","post","type-post","status-publish","format-standard","has-post-thumbnail","hentry","category-noticia-masculino","tag-jeremy-arevalo"],"_links":{"self":[{"href":"https:\/\/www.emartsoccer.es\/en\/wp-json\/wp\/v2\/posts\/64932","targetHints":{"allow":["GET"]}}],"collection":[{"href":"https:\/\/www.emartsoccer.es\/en\/wp-json\/wp\/v2\/posts"}],"about":[{"href":"https:\/\/www.emartsoccer.es\/en\/wp-json\/wp\/v2\/types\/post"}],"author":[{"embeddable":true,"href":"https:\/\/www.emartsoccer.es\/en\/wp-json\/wp\/v2\/users\/7"}],"replies":[{"embeddable":true,"href":"https:\/\/www.emartsoccer.es\/en\/wp-json\/wp\/v2\/comments?post=64932"}],"version-history":[{"count":6,"href":"https:\/\/www.emartsoccer.es\/en\/wp-json\/wp\/v2\/posts\/64932\/revisions"}],"predecessor-version":[{"id":65180,"href":"https:\/\/www.emartsoccer.es\/en\/wp-json\/wp\/v2\/posts\/64932\/revisions\/65180"}],"wp:featuredmedia":[{"embeddable":true,"href":"https:\/\/www.emartsoccer.es\/en\/wp-json\/wp\/v2\/media\/65130"}],"wp:attachment":[{"href":"https:\/\/www.emartsoccer.es\/en\/wp-json\/wp\/v2\/media?parent=64932"}],"wp:term":[{"taxonomy":"category","embeddable":true,"href":"https:\/\/www.emartsoccer.es\/en\/wp-json\/wp\/v2\/categories?post=64932"},{"taxonomy":"post_tag","embeddable":true,"href":"https:\/\/www.emartsoccer.es\/en\/wp-json\/wp\/v2\/tags?post=64932"}],"curies":[{"name":"wp","href":"https:\/\/api.w.org\/{rel}","templated":true}]}}