{"id":64909,"date":"2026-01-06T10:50:18","date_gmt":"2026-01-06T09:50:18","guid":{"rendered":"https:\/\/www.emartsoccer.es\/?p=64909"},"modified":"2026-01-06T10:50:23","modified_gmt":"2026-01-06T09:50:23","slug":"jeremy-arevalo-se-convierte-en-el-quinto-traspaso-mas-caro-de-la-historia-del-real-racing-club-de-santander","status":"publish","type":"post","link":"https:\/\/www.emartsoccer.es\/en\/jeremy-arevalo-se-convierte-en-el-quinto-traspaso-mas-caro-de-la-historia-del-real-racing-club-de-santander\/","title":{"rendered":"Jeremy Ar\u00e9valo se convierte en el quinto traspaso m\u00e1s caro de la historia del Real Racing Club de Santander"},"content":{"rendered":"\n<p><a href=\"https:\/\/www.emartsoccer.es\/jeremy-arevalo-firma-por-hasta-2031-con-el-vfb-stuttgart-con-el-que-jugara-la-europa-league\/\" data-type=\"link\" data-id=\"https:\/\/www.emartsoccer.es\/jeremy-arevalo-firma-por-hasta-2031-con-el-vfb-stuttgart-con-el-que-jugara-la-europa-league\/\">La salida de <strong>Jeremy Ar\u00e9valo<\/strong> hacia el <strong>VfB Sttugart <\/strong><\/a>ha dejado en las arcas del <strong>Real Racing de Santander <\/strong>una cuantiosa suma: siete millones de euros. <strong>Se trata de un traspaso mucho m\u00e1s alto que el del \u00faltimo jugador de la casa que traspas\u00f3 el club c\u00e1ntabro, Pablo Torre al FC Barcelona en la campa\u00f1a 2022-23.<\/strong> Esa operaci\u00f3n dej\u00f3 en la caja racinguista tres millones de euros.<\/p>\n\n\n\n<p>Pero el traspaso de <strong>Jeremy Ar\u00e9valo <\/strong>al al <strong>VfB Sttutgart <\/strong>no solo mejora el citado a nivel econ\u00f3mico para el <strong>Real Racing Club<\/strong>, sino que<strong> lo hace con otros tan importantes en la historia de la entidad santanderina como el de Sergio Canales al Real Madrid (2010-11, seis millones de euros)<\/strong>, <strong>Iv\u00e1n Marcano<\/strong> al <strong>Villarreal CF<\/strong> (2009-10, seis) o <strong>Peque Fern\u00e1ndez <\/strong>al <strong>Sevilla CF<\/strong> (2024-25, cuatro), por citar algunos ejemplos.<\/p>\n\n\n\n<p>Es m\u00e1s, la venta de<strong> Jeremy Ar\u00e9valo es la quinta m\u00e1s alta en la historia del Racing de Santander. <\/strong>El pase del internacional ecuatoriano al <strong>VfB Sttutgart <\/strong>solo es superado por los de <strong>Nikola Zigic <\/strong>al <strong>Valencia CF <\/strong>2007-08, 14 millones de euros), <strong>Pedro Munitis <\/strong>al <strong>Real Madrid<\/strong> (2000-01, 13,20), <strong>Ezequiel Garay <\/strong>tambi\u00e9n al club blanco (2008-09, diez) y <strong>V\u00edctor S\u00e1nchez del Amo<\/strong> al<strong> RC Deportivo de la Coru\u00f1a<\/strong> (1999-2000, 7,6).<\/p>\n","protected":false},"excerpt":{"rendered":"<p>La salida de Jeremy Ar\u00e9valo hacia el VfB Sttugart ha dejado en las arcas del Real Racing de Santander una cuantiosa suma: siete millones de euros. Se trata de un traspaso mucho m\u00e1s alto que el del \u00faltimo jugador de la casa que traspas\u00f3 el club c\u00e1ntabro, Pablo Torre al FC Barcelona en la campa\u00f1a [&hellip;]<\/p>\n","protected":false},"author":7,"featured_media":64989,"comment_status":"closed","ping_status":"closed","sticky":false,"template":"","format":"standard","meta":{"footnotes":""},"categories":[594],"tags":[836],"class_list":["post-64909","post","type-post","status-publish","format-standard","has-post-thumbnail","hentry","category-noticia-masculino","tag-jeremy-arevalo"],"_links":{"self":[{"href":"https:\/\/www.emartsoccer.es\/en\/wp-json\/wp\/v2\/posts\/64909","targetHints":{"allow":["GET"]}}],"collection":[{"href":"https:\/\/www.emartsoccer.es\/en\/wp-json\/wp\/v2\/posts"}],"about":[{"href":"https:\/\/www.emartsoccer.es\/en\/wp-json\/wp\/v2\/types\/post"}],"author":[{"embeddable":true,"href":"https:\/\/www.emartsoccer.es\/en\/wp-json\/wp\/v2\/users\/7"}],"replies":[{"embeddable":true,"href":"https:\/\/www.emartsoccer.es\/en\/wp-json\/wp\/v2\/comments?post=64909"}],"version-history":[{"count":3,"href":"https:\/\/www.emartsoccer.es\/en\/wp-json\/wp\/v2\/posts\/64909\/revisions"}],"predecessor-version":[{"id":65022,"href":"https:\/\/www.emartsoccer.es\/en\/wp-json\/wp\/v2\/posts\/64909\/revisions\/65022"}],"wp:featuredmedia":[{"embeddable":true,"href":"https:\/\/www.emartsoccer.es\/en\/wp-json\/wp\/v2\/media\/64989"}],"wp:attachment":[{"href":"https:\/\/www.emartsoccer.es\/en\/wp-json\/wp\/v2\/media?parent=64909"}],"wp:term":[{"taxonomy":"category","embeddable":true,"href":"https:\/\/www.emartsoccer.es\/en\/wp-json\/wp\/v2\/categories?post=64909"},{"taxonomy":"post_tag","embeddable":true,"href":"https:\/\/www.emartsoccer.es\/en\/wp-json\/wp\/v2\/tags?post=64909"}],"curies":[{"name":"wp","href":"https:\/\/api.w.org\/{rel}","templated":true}]}}