{"id":64902,"date":"2026-01-02T12:50:04","date_gmt":"2026-01-02T11:50:04","guid":{"rendered":"https:\/\/www.emartsoccer.es\/?p=64902"},"modified":"2026-01-02T13:19:47","modified_gmt":"2026-01-02T12:19:47","slug":"jeremy-arevalo-firma-por-hasta-2031-con-el-vfb-stuttgart-con-el-que-jugara-la-europa-league","status":"publish","type":"post","link":"https:\/\/www.emartsoccer.es\/en\/jeremy-arevalo-firma-por-hasta-2031-con-el-vfb-stuttgart-con-el-que-jugara-la-europa-league\/","title":{"rendered":"Jeremy Ar\u00e9valo firma hasta 2031 con el VfB Stuttgart, con el que jugar\u00e1 la Europa League"},"content":{"rendered":"\n<p><a href=\"https:\/\/www.emartsoccer.es\/jeremy-arevalo-nombrado-mejor-jugador-del-mes-de-octubre-en-laliga-hypermotion\/\" data-type=\"link\" data-id=\"https:\/\/www.emartsoccer.es\/jeremy-arevalo-nombrado-mejor-jugador-del-mes-de-octubre-en-laliga-hypermotion\/\">El crecimiento de <strong>Jeremy Ar\u00e9valo <\/strong>en esta campa\u00f1a 2025-26 est\u00e1 fuera de toda duda<\/a> y en el mercado invernal <strong>da un paso m\u00e1s firmando por 2031 campa\u00f1as con el VfB Sttutgart, conjunto con el que disputar\u00e1 una de las mejores competiciones ligueras de Europa, la Bundesliga, as\u00ed como una de las grandes a nivel continental, la Europa League. <\/strong>El cuadro alem\u00e1n es sexto en liga, mientras que en la competici\u00f3n europea es noveno a falta de dos jornadas para la finalizaci\u00f3n de la fase de grupos y actualmente se clasificar\u00eda para los dieciseisavos de final, los cuales tiene pr\u00e1cticamente asegurados.<\/p>\n\n\n\n<p><strong>Jeremy Ar\u00e9valo<\/strong>, delantero formado en el <strong>Real Racing Club de Santander<\/strong>, ha explotado como goleador contrastado este curso. A pesar de ser una de las grandes promesas del club c\u00e1ntabro y haber debutado hace dos temporadas, no ha sido hasta este 2025 en el que ha destapado el bote de los goles: <strong>ocho en 18 partidos, siendo uno de los m\u00e1ximos realizadores del equipo y de LaLiga Hypermotion. <\/strong><\/p>\n\n\n\n<p>Su buen hacer, adem\u00e1s,<strong><a href=\"https:\/\/www.emartsoccer.es\/jeremy-arevalo-regresa-a-su-club-tras-debutar-con-la-seleccion-absoluta-de-ecuador-en-partido-amistoso\/\" data-type=\"link\" data-id=\"https:\/\/www.emartsoccer.es\/jeremy-arevalo-regresa-a-su-club-tras-debutar-con-la-seleccion-absoluta-de-ecuador-en-partido-amistoso\/\"> le permiti\u00f3 ser convocado por vez primera con la selecci\u00f3n absoluta de Ecuador en el pasado par\u00f3n internacional del mes de noviembre, debutando con la &#8216;Tri&#8217;<\/a> <\/strong>y siendo uno de los delanteros del pa\u00eds con m\u00e1s opciones de ser citado para el <strong>Mundial<\/strong> del pr\u00f3ximo verano, el cual se disputar\u00e1 entre <strong>Estados Unidos<\/strong>, <strong>Canad\u00e1<\/strong> y <strong>M\u00e9xico<\/strong>. Con tan solo 20 a\u00f1os,<strong> Jeremy Ar\u00e9valo<\/strong> es una de las grandes esperanzas de <strong>Ecuador<\/strong>.<\/p>\n\n\n\n<p>De este modo, <strong>Jeremy Ar\u00e9valo<\/strong> da un gran salto en su carrera tras ser uno de los protagonistas del buen primer tramo de campeonato del <strong>Real Racing Club<\/strong> <strong>de Santander<\/strong>, l\u00edder de <strong>LaLiga Hypermotion<\/strong>. <strong>El cari\u00f1osamente llamado como &#8216;Hulk de Malia\u00f1o&#8217;, adem\u00e1s, marc\u00f3 el tanto que signific\u00f3 el empate a un gol del conjunto santanderino en su \u00faltimo partido con el equipo, en El Alcoraz ante la SD Huesca. Jeremy <\/strong>cierra su etapa en el conjunto c\u00e1ntabro con 40 partidos disputados con el primer equipo, con el que ha anotado nueve dianas y ha dado dos asistencias.<\/p>\n\n\n\n<p>Desde<strong> Emart&amp;Soccer <\/strong>felicitamos encarecidamente a nuestro representado<strong> Jeremy Ar\u00e9valo<\/strong> por su fichaje por el <strong>VfB Stuttgart <\/strong>y <strong>estamos convencidos de que seguir\u00e1 con su buen hacer en el f\u00fatbol alem\u00e1n y europeo.<\/strong> \u00a1A por todas,<strong> Jeremy<\/strong>!<\/p>\n","protected":false},"excerpt":{"rendered":"<p>El crecimiento de Jeremy Ar\u00e9valo en esta campa\u00f1a 2025-26 est\u00e1 fuera de toda duda y en el mercado invernal da un paso m\u00e1s firmando por 2031 campa\u00f1as con el VfB Sttutgart, conjunto con el que disputar\u00e1 una de las mejores competiciones ligueras de Europa, la Bundesliga, as\u00ed como una de las grandes a nivel continental, [&hellip;]<\/p>\n","protected":false},"author":7,"featured_media":64985,"comment_status":"closed","ping_status":"closed","sticky":false,"template":"","format":"standard","meta":{"footnotes":""},"categories":[594],"tags":[836,900],"class_list":["post-64902","post","type-post","status-publish","format-standard","has-post-thumbnail","hentry","category-noticia-masculino","tag-jeremy-arevalo","tag-vfb-stuttgart"],"_links":{"self":[{"href":"https:\/\/www.emartsoccer.es\/en\/wp-json\/wp\/v2\/posts\/64902","targetHints":{"allow":["GET"]}}],"collection":[{"href":"https:\/\/www.emartsoccer.es\/en\/wp-json\/wp\/v2\/posts"}],"about":[{"href":"https:\/\/www.emartsoccer.es\/en\/wp-json\/wp\/v2\/types\/post"}],"author":[{"embeddable":true,"href":"https:\/\/www.emartsoccer.es\/en\/wp-json\/wp\/v2\/users\/7"}],"replies":[{"embeddable":true,"href":"https:\/\/www.emartsoccer.es\/en\/wp-json\/wp\/v2\/comments?post=64902"}],"version-history":[{"count":3,"href":"https:\/\/www.emartsoccer.es\/en\/wp-json\/wp\/v2\/posts\/64902\/revisions"}],"predecessor-version":[{"id":65012,"href":"https:\/\/www.emartsoccer.es\/en\/wp-json\/wp\/v2\/posts\/64902\/revisions\/65012"}],"wp:featuredmedia":[{"embeddable":true,"href":"https:\/\/www.emartsoccer.es\/en\/wp-json\/wp\/v2\/media\/64985"}],"wp:attachment":[{"href":"https:\/\/www.emartsoccer.es\/en\/wp-json\/wp\/v2\/media?parent=64902"}],"wp:term":[{"taxonomy":"category","embeddable":true,"href":"https:\/\/www.emartsoccer.es\/en\/wp-json\/wp\/v2\/categories?post=64902"},{"taxonomy":"post_tag","embeddable":true,"href":"https:\/\/www.emartsoccer.es\/en\/wp-json\/wp\/v2\/tags?post=64902"}],"curies":[{"name":"wp","href":"https:\/\/api.w.org\/{rel}","templated":true}]}}