{"id":64895,"date":"2025-12-18T11:04:40","date_gmt":"2025-12-18T10:04:40","guid":{"rendered":"https:\/\/www.emartsoccer.es\/?p=64895"},"modified":"2025-12-18T11:04:44","modified_gmt":"2025-12-18T10:04:44","slug":"carlos-vicente-efectividad-del-cien-por-cien-desde-los-once-metros","status":"publish","type":"post","link":"https:\/\/www.emartsoccer.es\/en\/carlos-vicente-efectividad-del-cien-por-cien-desde-los-once-metros\/","title":{"rendered":"Carlos Vicente, efectividad del cien por cien desde los once metros"},"content":{"rendered":"\n<p>Todo aquel que haya estado ante un punto de penalti sabe que marcar un gol desde los once metros no es tan f\u00e1cil como parece. La presi\u00f3n por mandar el bal\u00f3n al fondo de la red, la porter\u00eda se hace peque\u00f1a, el portero grande&#8230; Menos para <strong>Carlos Vicente.<\/strong> El aragon\u00e9s, que <strong>le dio al Deportivo Alav\u00e9s el pase a los octavos de final de Copa del Rey desde los once metros con una diana que sirvi\u00f3 para eliminar al Sevilla FC (1-0),<\/strong> es un experto en la materia.<\/p>\n\n\n\n<p><strong>Desde que es juega en alguna de las tres primeras categor\u00edas del f\u00fatbol espa\u00f1ol, Carlos Vicente ha tenido la responsabilidad de lanzar 12 penaltis en competici\u00f3n oficial en los diversos equipos en los que ha estado y los ha marcado todos.<\/strong> TODOS. Una efectividad del cien por cien para el extremo derecho del <strong>Deportivo Alav\u00e9s<\/strong>, que los lanza con una gran seguridad y solvencia. El \u00faltimo penalti que fall\u00f3 en competici\u00f3n oficial se remonta a su etapa de juveniles, con el <strong>Juvenil A<\/strong> del <strong>Real Zaragoza<\/strong>, en la campa\u00f1a 2016-17, y en esta pretemporada tambi\u00e9n marr\u00f3 un disparo desde los once metros.<\/p>\n\n\n\n<p>Repartidos por equipos, <strong>Carlos Vicente<\/strong> ha marcado cinco penaltis con el <strong>Deportivo Alav\u00e9s<\/strong>, <strong>cuatro de ellos esta campa\u00f1a y dos al mismo portero, Odysseas Vlachodimos, del Sevilla FC<\/strong>; dos con el<strong> RC Ferrol<\/strong>; dos m\u00e1s con el <strong>CD Calahorra <\/strong>y tres con la <strong>SD Ejea<\/strong>.<\/p>\n\n\n\n<p>Por otra parte, <strong>Carlos Vicente suma ya ocho goles esta temporada con el Deportivo Alav\u00e9s e igualala su segundo mejor registro goleador, el logrado en la campa\u00f1a 2022-23 con el RC Ferrol, y est\u00e1 a solo tres dianas de su mejor cifra realizadora, la conseguida en el curso 2021-22 con el CD Calahorra<\/strong>. Adem\u00e1s, sigue con su idilio con la <strong>Copa del Rey<\/strong>: ha marcado en todas las eliminatorias disputadas por el cuadro babazorro esta temporada. Suma cuatro goles en tres partidos en la competici\u00f3n del K.O., promediando 1,33 tantos por encuentro.<\/p>\n","protected":false},"excerpt":{"rendered":"<p>Todo aquel que haya estado ante un punto de penalti sabe que marcar un gol desde los once metros no es tan f\u00e1cil como parece. La presi\u00f3n por mandar el bal\u00f3n al fondo de la red, la porter\u00eda se hace peque\u00f1a, el portero grande&#8230; Menos para Carlos Vicente. El aragon\u00e9s, que le dio al Deportivo [&hellip;]<\/p>\n","protected":false},"author":7,"featured_media":64898,"comment_status":"closed","ping_status":"closed","sticky":false,"template":"","format":"standard","meta":{"footnotes":""},"categories":[594],"tags":[673],"class_list":["post-64895","post","type-post","status-publish","format-standard","has-post-thumbnail","hentry","category-noticia-masculino","tag-carlos-vicente"],"_links":{"self":[{"href":"https:\/\/www.emartsoccer.es\/en\/wp-json\/wp\/v2\/posts\/64895","targetHints":{"allow":["GET"]}}],"collection":[{"href":"https:\/\/www.emartsoccer.es\/en\/wp-json\/wp\/v2\/posts"}],"about":[{"href":"https:\/\/www.emartsoccer.es\/en\/wp-json\/wp\/v2\/types\/post"}],"author":[{"embeddable":true,"href":"https:\/\/www.emartsoccer.es\/en\/wp-json\/wp\/v2\/users\/7"}],"replies":[{"embeddable":true,"href":"https:\/\/www.emartsoccer.es\/en\/wp-json\/wp\/v2\/comments?post=64895"}],"version-history":[{"count":1,"href":"https:\/\/www.emartsoccer.es\/en\/wp-json\/wp\/v2\/posts\/64895\/revisions"}],"predecessor-version":[{"id":64900,"href":"https:\/\/www.emartsoccer.es\/en\/wp-json\/wp\/v2\/posts\/64895\/revisions\/64900"}],"wp:featuredmedia":[{"embeddable":true,"href":"https:\/\/www.emartsoccer.es\/en\/wp-json\/wp\/v2\/media\/64898"}],"wp:attachment":[{"href":"https:\/\/www.emartsoccer.es\/en\/wp-json\/wp\/v2\/media?parent=64895"}],"wp:term":[{"taxonomy":"category","embeddable":true,"href":"https:\/\/www.emartsoccer.es\/en\/wp-json\/wp\/v2\/categories?post=64895"},{"taxonomy":"post_tag","embeddable":true,"href":"https:\/\/www.emartsoccer.es\/en\/wp-json\/wp\/v2\/tags?post=64895"}],"curies":[{"name":"wp","href":"https:\/\/api.w.org\/{rel}","templated":true}]}}