{"id":64556,"date":"2025-12-08T18:32:12","date_gmt":"2025-12-08T17:32:12","guid":{"rendered":"https:\/\/www.emartsoccer.es\/?p=64556"},"modified":"2025-12-08T18:32:22","modified_gmt":"2025-12-08T17:32:22","slug":"el-top-3-de-la-jornada-12-de-primera-rfef-es-para-amaya-garcia-anna-quer-y-marta-charle","status":"publish","type":"post","link":"https:\/\/www.emartsoccer.es\/en\/el-top-3-de-la-jornada-12-de-primera-rfef-es-para-amaya-garcia-anna-quer-y-marta-charle\/","title":{"rendered":"El top-3 de la jornada 12 de Primera RFEF es para Amaya Garc\u00eda, Anna Quer y Marta Charle"},"content":{"rendered":"\n<p>Una defensa como <strong>Amaya Garc\u00eda<\/strong>, del<strong> Real Madrid B<\/strong>, y dos atacantes,<strong> Anna Quer <\/strong>y <strong>Marta Charle<\/strong>, del <strong>FC Barcelona B <\/strong>y del<strong> SE AEM<\/strong>, respectivamente, son las mejores jugadoras para<strong> Emart&amp;Soccer <\/strong>de esta jornada 12 de <strong>Primera RFEF<\/strong> y las que se merecen estar en el top-3 de la jornada.<\/p>\n\n\n\n<p><strong>La capacidad de Amaya Garc\u00eda para liderar la l\u00ednea defensiva fue clave en la victoria del Real Madrid contra la FF Alba (2-1)<\/strong>, transmitiendo confianza a sus compa\u00f1eras y manteniendo el orden en momentos decisivos. Gracias a su esfuerzo constante y trabajo incansable, el equipo logr\u00f3 mantener la solidez necesaria para asegurar los tres puntos.<\/p>\n\n\n\n<p>A dos puntos del l\u00edder <strong>Deportivo Alav\u00e9s <\/strong>se encuentra el<strong> FC Barcelona B<\/strong> de <strong>Anna Quer<\/strong>, que complet\u00f3 un gran encuentro ante el <strong>Valencia F\u00e9minas<\/strong> y <strong>fue clave en la parcela ofensiva azulgrana para que las suyas se llevaran la victoria (1-2). <\/strong>Su calidad en los \u00faltimos metros, decisiva. <\/p>\n\n\n\n<p>Victoria de prestigio y para so\u00f1ar con la permanencia la del <strong>SE AEM<\/strong>, que venci\u00f3 al<strong> Club Atl\u00e9tico de Madrid B<\/strong> por la m\u00ednima (1-0) gracias a una diana de<strong> Marta Charle<\/strong>. Estuvo insistiendo todo el encuentro ggenerando situaciones de peligro con disparos y asistencias hasta que, en una gran maniobra,<strong> se sac\u00f3 un zurdazo desde fuera del \u00e1rea que acab\u00f3 en el \u00fanico gol del duelo.<\/strong><\/p>\n\n\n<div class=\"wp-block-image\">\n<figure class=\"aligncenter size-large is-resized\"><img fetchpriority=\"high\" decoding=\"async\" width=\"576\" height=\"1024\" src=\"https:\/\/www.emartsoccer.es\/wp-content\/uploads\/2025\/12\/top_3_primera_RFEF-576x1024.jpg\" alt=\"\" class=\"wp-image-64561\" style=\"aspect-ratio:0.5625177204423022;width:312px;height:auto\"\/><\/figure>\n<\/div>","protected":false},"excerpt":{"rendered":"<p>Una defensa como Amaya Garc\u00eda, del Real Madrid B, y dos atacantes, Anna Quer y Marta Charle, del FC Barcelona B y del SE AEM, respectivamente, son las mejores jugadoras para Emart&amp;Soccer de esta jornada 12 de Primera RFEF y las que se merecen estar en el top-3 de la jornada. La capacidad de Amaya [&hellip;]<\/p>\n","protected":false},"author":7,"featured_media":64559,"comment_status":"closed","ping_status":"closed","sticky":false,"template":"","format":"standard","meta":{"footnotes":""},"categories":[593],"tags":[894,893],"class_list":["post-64556","post","type-post","status-publish","format-standard","has-post-thumbnail","hentry","category-noticia-femenino","tag-amaya-garcia","tag-anna-quer"],"_links":{"self":[{"href":"https:\/\/www.emartsoccer.es\/en\/wp-json\/wp\/v2\/posts\/64556","targetHints":{"allow":["GET"]}}],"collection":[{"href":"https:\/\/www.emartsoccer.es\/en\/wp-json\/wp\/v2\/posts"}],"about":[{"href":"https:\/\/www.emartsoccer.es\/en\/wp-json\/wp\/v2\/types\/post"}],"author":[{"embeddable":true,"href":"https:\/\/www.emartsoccer.es\/en\/wp-json\/wp\/v2\/users\/7"}],"replies":[{"embeddable":true,"href":"https:\/\/www.emartsoccer.es\/en\/wp-json\/wp\/v2\/comments?post=64556"}],"version-history":[{"count":1,"href":"https:\/\/www.emartsoccer.es\/en\/wp-json\/wp\/v2\/posts\/64556\/revisions"}],"predecessor-version":[{"id":64563,"href":"https:\/\/www.emartsoccer.es\/en\/wp-json\/wp\/v2\/posts\/64556\/revisions\/64563"}],"wp:featuredmedia":[{"embeddable":true,"href":"https:\/\/www.emartsoccer.es\/en\/wp-json\/wp\/v2\/media\/64559"}],"wp:attachment":[{"href":"https:\/\/www.emartsoccer.es\/en\/wp-json\/wp\/v2\/media?parent=64556"}],"wp:term":[{"taxonomy":"category","embeddable":true,"href":"https:\/\/www.emartsoccer.es\/en\/wp-json\/wp\/v2\/categories?post=64556"},{"taxonomy":"post_tag","embeddable":true,"href":"https:\/\/www.emartsoccer.es\/en\/wp-json\/wp\/v2\/tags?post=64556"}],"curies":[{"name":"wp","href":"https:\/\/api.w.org\/{rel}","templated":true}]}}