{"id":64549,"date":"2025-12-08T11:26:20","date_gmt":"2025-12-08T10:26:20","guid":{"rendered":"https:\/\/www.emartsoccer.es\/?p=64549"},"modified":"2025-12-08T11:26:29","modified_gmt":"2025-12-08T10:26:29","slug":"abde-rebbach-fue-clave-en-la-victoria-del-deportivo-alaves-en-el-derbi-contra-la-real-sociedad","status":"publish","type":"post","link":"https:\/\/www.emartsoccer.es\/en\/abde-rebbach-fue-clave-en-la-victoria-del-deportivo-alaves-en-el-derbi-contra-la-real-sociedad\/","title":{"rendered":"Abde Rebbach fue clave en la victoria del Deportivo Alav\u00e9s en el derbi contra la Real Sociedad"},"content":{"rendered":"\n<p>Victoria vital del <strong>Deportivo Alav\u00e9s<\/strong> en la jornada 15 de <strong>LaLiga EA Sports<\/strong>. El conjunto babazorro derrot\u00f3 por la m\u00ednima (1-0) a la <strong>Real Sociedad<\/strong> en un encuentro especial, un derbi vasco, y logr\u00f3 tres puntos important\u00edsimos para alejar los fantasmas de la zona baja y afrontar con optimismo y motivaci\u00f3n la complicada visita del <strong>Real Madrid<\/strong> la pr\u00f3xima jornada. Y en ese duelo, <strong>Abde Rebbach tuvo un papel destacado.<\/strong><\/p>\n\n\n\n<p><strong>Abde Rebbach<\/strong> enlazaba su segundo encuentro como titular en <strong>LaLiga EA Sports,<\/strong> algo que no ocurr\u00eda desde el pasado mes de octubre. <strong>Eduardo Coudet<\/strong>, t\u00e9cnico del <strong>Deportivo Alav\u00e9s<\/strong>, le estaba dando la oportunidad desde el banquillo, aunque<strong> el extremo argelino se ha ganado un puesto en el once con sus buenas actuaciones.<\/strong> Solo se ha quedado sin participar en tres de las 15 jornadas, y en las dos \u00faltimas ha sido uno de los jugadores m\u00e1s incisivos del equipo.<\/p>\n\n\n\n<p>Porque si ya en la pasada jornada, la 14, fue uno de los futbolistas m\u00e1s peligrosos del <strong>Deportivo Alav\u00e9s<\/strong> en el <strong>Camp Nou <\/strong>contra el<strong> FC Barcelona <\/strong>a pesar de la derrota (3-1), en el derbi vasco frente a la<strong> Real Sociedad<\/strong> tuvo un papel clave. Encargado del bal\u00f3n parado, <strong>el cuadro babazorro estuvo muy cerca del gol antes del cuarto de hora de juego tras una falta botada por Abde Rebbach en tres cuartos que un compa\u00f1ero cabece\u00f3 fuera por poco<\/strong> y, en el tiempo de descuento de la primera mitad, se puso por delante con el \u00fanico tanto del encuentro.<\/p>\n\n\n\n<p><strong>Un gol en el que Abde Rebbach tuvo parte de culpa, puesto que el argelino bot\u00f3 un saque de esquina que toc\u00f3 en la mano de un defensor de la Real Sociedad; tras consultar con el VAR, el colegiado decret\u00f3 penalti a favor del Deportivo Alav\u00e9s<\/strong>, que se puso por delante desde los once metros. Posteriormente, antes de ser sustituido, <strong>Abde <\/strong>tuvo el gol en sus botas con un potente disparo desde fuera del \u00e1rea que oblig\u00f3 al guardameta rival a despejar el bal\u00f3n a c\u00f3rner con una buena estirada.<\/p>\n\n\n\n<p>Es la segunda jornada consecutiva en la que<strong> Abde Rebbach<\/strong> tiene incidencia en el gol del <strong>Deportivo Alav\u00e9s<\/strong>, puesto que <strong>ante el FC Barcelona el conjunto vitoriano se puso por delante tras un buen saque de esquina del argelino. <\/strong>Adem\u00e1s, dio una asistencia de oro con empate a uno en el marcador, pero el guardameta rival salv\u00f3 el tanto.<\/p>\n\n\n\n<p>A <strong>Abde Rebbach <\/strong>se le est\u00e1 resistiendo el gol, pero si sigue a este nivel sin duda llegar\u00e1. <strong>El extremo es una de las grandes bazas del Deportivo Alav\u00e9s para conseguir su objetivo esta campa\u00f1a y lo est\u00e1 demostrando partido tras partido.<\/strong> La pr\u00f3xima jornada contra el <strong>Real Madrid <\/strong>en <strong>Mendizorroza<\/strong> tiene una nueva oportunidad para demostrar de lo que es capaz.<\/p>\n","protected":false},"excerpt":{"rendered":"<p>Victoria vital del Deportivo Alav\u00e9s en la jornada 15 de LaLiga EA Sports. El conjunto babazorro derrot\u00f3 por la m\u00ednima (1-0) a la Real Sociedad en un encuentro especial, un derbi vasco, y logr\u00f3 tres puntos important\u00edsimos para alejar los fantasmas de la zona baja y afrontar con optimismo y motivaci\u00f3n la complicada visita del [&hellip;]<\/p>\n","protected":false},"author":7,"featured_media":64552,"comment_status":"closed","ping_status":"closed","sticky":false,"template":"","format":"standard","meta":{"footnotes":""},"categories":[594],"tags":[892],"class_list":["post-64549","post","type-post","status-publish","format-standard","has-post-thumbnail","hentry","category-noticia-masculino","tag-abde-rebbach"],"_links":{"self":[{"href":"https:\/\/www.emartsoccer.es\/en\/wp-json\/wp\/v2\/posts\/64549","targetHints":{"allow":["GET"]}}],"collection":[{"href":"https:\/\/www.emartsoccer.es\/en\/wp-json\/wp\/v2\/posts"}],"about":[{"href":"https:\/\/www.emartsoccer.es\/en\/wp-json\/wp\/v2\/types\/post"}],"author":[{"embeddable":true,"href":"https:\/\/www.emartsoccer.es\/en\/wp-json\/wp\/v2\/users\/7"}],"replies":[{"embeddable":true,"href":"https:\/\/www.emartsoccer.es\/en\/wp-json\/wp\/v2\/comments?post=64549"}],"version-history":[{"count":1,"href":"https:\/\/www.emartsoccer.es\/en\/wp-json\/wp\/v2\/posts\/64549\/revisions"}],"predecessor-version":[{"id":64554,"href":"https:\/\/www.emartsoccer.es\/en\/wp-json\/wp\/v2\/posts\/64549\/revisions\/64554"}],"wp:featuredmedia":[{"embeddable":true,"href":"https:\/\/www.emartsoccer.es\/en\/wp-json\/wp\/v2\/media\/64552"}],"wp:attachment":[{"href":"https:\/\/www.emartsoccer.es\/en\/wp-json\/wp\/v2\/media?parent=64549"}],"wp:term":[{"taxonomy":"category","embeddable":true,"href":"https:\/\/www.emartsoccer.es\/en\/wp-json\/wp\/v2\/categories?post=64549"},{"taxonomy":"post_tag","embeddable":true,"href":"https:\/\/www.emartsoccer.es\/en\/wp-json\/wp\/v2\/tags?post=64549"}],"curies":[{"name":"wp","href":"https:\/\/api.w.org\/{rel}","templated":true}]}}