{"id":64513,"date":"2025-12-03T14:00:55","date_gmt":"2025-12-03T13:00:55","guid":{"rendered":"https:\/\/www.emartsoccer.es\/?p=64513"},"modified":"2025-12-04T12:50:25","modified_gmt":"2025-12-04T11:50:25","slug":"edna-imade-debut-con-espana-en-la-ida-de-la-final-de-la-nations-league-y-campeona-en-su-segundo-encuentro-como-internacional-absoluta","status":"publish","type":"post","link":"https:\/\/www.emartsoccer.es\/en\/edna-imade-debut-con-espana-en-la-ida-de-la-final-de-la-nations-league-y-campeona-en-su-segundo-encuentro-como-internacional-absoluta\/","title":{"rendered":"Edna Imade, debut con Espa\u00f1a en la ida de la final de la Nations League y campeona en su segundo encuentro como internacional absoluta"},"content":{"rendered":"\n<p>\u00a1Qu\u00e9 temporada est\u00e1 teniendo <strong>Edna Imade<\/strong>! La delantera de la <strong>Real Sociedad<\/strong>, <a href=\"https:\/\/www.emartsoccer.es\/edna-imade-ficha-por-el-bayern-munich-y-se-marcha-cedida-a-la-real-sociedad\/\" data-type=\"link\" data-id=\"https:\/\/www.emartsoccer.es\/edna-imade-ficha-por-el-bayern-munich-y-se-marcha-cedida-a-la-real-sociedad\/\">equipo en el que est\u00e1 cedida por el <strong>Bayern Munich<\/strong>,<\/a> <strong>debut\u00f3 con la selecci\u00f3n espa\u00f1ola en la ida de la final de la Nations League y en la vuelta se proclam\u00f3 campeona.<\/strong> Mejor inicio internacional imposible.<\/p>\n\n\n\n<p><strong>Edna Imade<\/strong>, pieza clave en una<strong> Real Sociedad<\/strong> que ocupa la segunda plaza de la<strong> Liga F<\/strong>, suma nueve goles en competici\u00f3n liguera. <strong>Sus grandes cifras realizadoras no solo de esta campa\u00f1a, sino tamb\u00e9n de las anteriores, le permitieron convencer a Sonia Berm\u00fadez, seleccionadora de Espa\u00f1a, de que ten\u00eda hueco en el equipo. <\/strong>Ello y la posibilidad de que <strong>Nigeria<\/strong>, pa\u00eds de sus padres, la eligiera hicieron que<strong> &#8216;La Roja&#8217;<\/strong> la citara de cara a la final de la <strong>Nations League<\/strong> ante <strong>Alemania<\/strong>, que se disput\u00f3 a doble partido.<\/p>\n\n\n\n<p><strong>La ariete debut\u00f3 en el encuentro de ida jugado en Alemania, en el cual ambas selecciones se lo dejaron todo para la vuelta al empatar a cero<\/strong>. <strong>Edna Imade<\/strong> jug\u00f3 sus primeros minutos con la camiseta de <strong>Espa\u00f1a<\/strong> sustituyendo en el 86&#8242; a<strong> Esther Gonz\u00e1lez<\/strong>. D\u00edas despu\u00e9s, en el duelo de vuelta disputado en el <strong>Wanda Metropolitano<\/strong> de <strong>Madrid, Edna<\/strong> ingres\u00f3 al verde en el 88&#8242; en el puesto de<strong> Alexia Putellas<\/strong> con el duelo ya finiquitado: el marcador reflejaba el 3-0 definitivo favorable a<strong> &#8216;La Roja&#8217;<\/strong>.<\/p>\n\n\n\n<p><strong>Edna Imade<\/strong>, que ha ca\u00eddo de pie en la selecci\u00f3n espa\u00f1ola, fue una m\u00e1s en la fiesta por la consecuci\u00f3n de la <strong>Nations League <\/strong>y estuvo acompa\u00f1ada por<strong> Emart&amp;Soccer <\/strong>en todo momento.<strong> La atacante, de tan solo 25 a\u00f1os, est\u00e1 viviendo un sue\u00f1o gracias a su buen hacer sobre el rect\u00e1ngulo de juego y su f\u00fatbol, compromiso, trabajo y goles a buen seguro que le tienen preparadas muchas sorpresas positivas de cara al futuro.<\/strong> \u00a1Muchas felicidades, <strong>Edna<\/strong>! \u00a1Estamos felices de poder acompa\u00f1arte en toda tu carrera deportiva! \u00a1Seguimos, vamos a por m\u00e1s \u00e9xitos!<\/p>\n\n\n<div class=\"wp-block-image\">\n<figure class=\"aligncenter size-large is-resized\"><img fetchpriority=\"high\" decoding=\"async\" width=\"768\" height=\"1024\" src=\"https:\/\/www.emartsoccer.es\/wp-content\/uploads\/2025\/12\/Edna_Imade_Espana-768x1024.jpg\" alt=\"\" class=\"wp-image-64519\" style=\"width:487px;height:auto\"\/><\/figure>\n<\/div>","protected":false},"excerpt":{"rendered":"<p>\u00a1Qu\u00e9 temporada est\u00e1 teniendo Edna Imade! La delantera de la Real Sociedad, equipo en el que est\u00e1 cedida por el Bayern Munich, debut\u00f3 con la selecci\u00f3n espa\u00f1ola en la ida de la final de la Nations League y en la vuelta se proclam\u00f3 campeona. Mejor inicio internacional imposible. Edna Imade, pieza clave en una Real [&hellip;]<\/p>\n","protected":false},"author":7,"featured_media":64522,"comment_status":"closed","ping_status":"closed","sticky":false,"template":"","format":"standard","meta":{"footnotes":""},"categories":[593],"tags":[793],"class_list":["post-64513","post","type-post","status-publish","format-standard","has-post-thumbnail","hentry","category-noticia-femenino","tag-edna-imade"],"_links":{"self":[{"href":"https:\/\/www.emartsoccer.es\/en\/wp-json\/wp\/v2\/posts\/64513","targetHints":{"allow":["GET"]}}],"collection":[{"href":"https:\/\/www.emartsoccer.es\/en\/wp-json\/wp\/v2\/posts"}],"about":[{"href":"https:\/\/www.emartsoccer.es\/en\/wp-json\/wp\/v2\/types\/post"}],"author":[{"embeddable":true,"href":"https:\/\/www.emartsoccer.es\/en\/wp-json\/wp\/v2\/users\/7"}],"replies":[{"embeddable":true,"href":"https:\/\/www.emartsoccer.es\/en\/wp-json\/wp\/v2\/comments?post=64513"}],"version-history":[{"count":2,"href":"https:\/\/www.emartsoccer.es\/en\/wp-json\/wp\/v2\/posts\/64513\/revisions"}],"predecessor-version":[{"id":64525,"href":"https:\/\/www.emartsoccer.es\/en\/wp-json\/wp\/v2\/posts\/64513\/revisions\/64525"}],"wp:featuredmedia":[{"embeddable":true,"href":"https:\/\/www.emartsoccer.es\/en\/wp-json\/wp\/v2\/media\/64522"}],"wp:attachment":[{"href":"https:\/\/www.emartsoccer.es\/en\/wp-json\/wp\/v2\/media?parent=64513"}],"wp:term":[{"taxonomy":"category","embeddable":true,"href":"https:\/\/www.emartsoccer.es\/en\/wp-json\/wp\/v2\/categories?post=64513"},{"taxonomy":"post_tag","embeddable":true,"href":"https:\/\/www.emartsoccer.es\/en\/wp-json\/wp\/v2\/tags?post=64513"}],"curies":[{"name":"wp","href":"https:\/\/api.w.org\/{rel}","templated":true}]}}