{"id":64501,"date":"2025-12-03T11:01:11","date_gmt":"2025-12-03T10:01:11","guid":{"rendered":"https:\/\/www.emartsoccer.es\/?p=64501"},"modified":"2025-12-04T12:51:33","modified_gmt":"2025-12-04T11:51:33","slug":"carlos-vicente-marca-y-asiste-en-copa-del-rey-y-supera-sus-registros-goleadores-de-la-pasada-campana","status":"publish","type":"post","link":"https:\/\/www.emartsoccer.es\/en\/carlos-vicente-marca-y-asiste-en-copa-del-rey-y-supera-sus-registros-goleadores-de-la-pasada-campana\/","title":{"rendered":"Carlos Vicente marca y asiste en Copa del Rey y supera sus registros goleadores de la pasada campa\u00f1a"},"content":{"rendered":"\n<p>Sigue vivo el <strong>Deportivo Alav\u00e9s<\/strong> de <strong>Carlos Vicente<\/strong> y <strong>Abde Rebbach<\/strong> en<strong> Copa del Rey<\/strong>. El conjunto babazorro, que en la primera eliminatoria super\u00f3 sin problemas al <strong>CD Getxo<\/strong> (0-7), contin\u00faa con su andadura despu\u00e9s de dejar en la cuneta al <strong>Club Portugalete <\/strong>(0-3) en un duelo en el que <strong>Carlos Vicente volvi\u00f3 a ser protagonista con un gol, el primero, y una asistencia.<\/strong><\/p>\n\n\n\n<p>Titular en el extremo derecho, <strong>Carlos Vicente <\/strong>contin\u00faa con su idilio con la<strong> Copa del Rey<\/strong>. <strong>Ya en la primera ronda, el aragon\u00e9s anot\u00f3 dos tantos y dio otras dos asistencias<\/strong>, con lo que sumado a sus registros frente al<strong> Club Portugalete<\/strong> suma tres dianas y el mismo n\u00famero de pases de gol. En la primera ronda contra el<strong> CD Getxo, Abde Rebbach <\/strong>tambi\u00e9n fue protagonista con dos asistencias.<\/p>\n\n\n\n<p>Con la diana frente al <strong>Club Portugalete,<\/strong> <strong>Carlos Vicente acumula este curso seis tantos: tres en LaLiga y otros tantos en Copa del Rey, superando sus registros de la pasada campa\u00f1a e gualando los seis goles anotados en la temporada 2023-24. <\/strong>Esa temporada marc\u00f3 cuatro tantos en la primera parte del curso con el <strong>RC Ferrol<\/strong> en <strong>Segunda divisi\u00f3n<\/strong> y dos tras el mercado invernal, cuando recal\u00f3 en el<strong> Deportivo Alav\u00e9s<\/strong>.<\/p>\n\n\n\n<p>Adem\u00e1s de ello, un <strong>Carlos Vicente<\/strong> que no hab\u00eda marcado en <strong>Copa del Rey <\/strong>hasta esta temporada se convierte en uno de los protagonistas de la competici\u00f3n: <strong>es uno de los m\u00e1ximos realizadores y, junto al jugador del Villarreal CF Manor Solomon, el m\u00e1ximo asistente.<\/strong><\/p>\n","protected":false},"excerpt":{"rendered":"<p>Sigue vivo el Deportivo Alav\u00e9s de Carlos Vicente y Abde Rebbach en Copa del Rey. El conjunto babazorro, que en la primera eliminatoria super\u00f3 sin problemas al CD Getxo (0-7), contin\u00faa con su andadura despu\u00e9s de dejar en la cuneta al Club Portugalete (0-3) en un duelo en el que Carlos Vicente volvi\u00f3 a ser [&hellip;]<\/p>\n","protected":false},"author":7,"featured_media":64526,"comment_status":"closed","ping_status":"closed","sticky":false,"template":"","format":"standard","meta":{"footnotes":""},"categories":[594],"tags":[673],"class_list":["post-64501","post","type-post","status-publish","format-standard","has-post-thumbnail","hentry","category-noticia-masculino","tag-carlos-vicente"],"_links":{"self":[{"href":"https:\/\/www.emartsoccer.es\/en\/wp-json\/wp\/v2\/posts\/64501","targetHints":{"allow":["GET"]}}],"collection":[{"href":"https:\/\/www.emartsoccer.es\/en\/wp-json\/wp\/v2\/posts"}],"about":[{"href":"https:\/\/www.emartsoccer.es\/en\/wp-json\/wp\/v2\/types\/post"}],"author":[{"embeddable":true,"href":"https:\/\/www.emartsoccer.es\/en\/wp-json\/wp\/v2\/users\/7"}],"replies":[{"embeddable":true,"href":"https:\/\/www.emartsoccer.es\/en\/wp-json\/wp\/v2\/comments?post=64501"}],"version-history":[{"count":1,"href":"https:\/\/www.emartsoccer.es\/en\/wp-json\/wp\/v2\/posts\/64501\/revisions"}],"predecessor-version":[{"id":64506,"href":"https:\/\/www.emartsoccer.es\/en\/wp-json\/wp\/v2\/posts\/64501\/revisions\/64506"}],"wp:featuredmedia":[{"embeddable":true,"href":"https:\/\/www.emartsoccer.es\/en\/wp-json\/wp\/v2\/media\/64526"}],"wp:attachment":[{"href":"https:\/\/www.emartsoccer.es\/en\/wp-json\/wp\/v2\/media?parent=64501"}],"wp:term":[{"taxonomy":"category","embeddable":true,"href":"https:\/\/www.emartsoccer.es\/en\/wp-json\/wp\/v2\/categories?post=64501"},{"taxonomy":"post_tag","embeddable":true,"href":"https:\/\/www.emartsoccer.es\/en\/wp-json\/wp\/v2\/tags?post=64501"}],"curies":[{"name":"wp","href":"https:\/\/api.w.org\/{rel}","templated":true}]}}