{"id":64359,"date":"2025-11-28T16:05:35","date_gmt":"2025-11-28T15:05:35","guid":{"rendered":"https:\/\/www.emartsoccer.es\/?p=64359"},"modified":"2025-12-04T12:52:26","modified_gmt":"2025-12-04T11:52:26","slug":"rafita-amplia-su-contrato-con-el-malaga-cf-hasta-2029-y-sera-jugador-del-primer-equipo-a-todos-los-efectos-a-partir-del-proximo-curso","status":"publish","type":"post","link":"https:\/\/www.emartsoccer.es\/en\/rafita-amplia-su-contrato-con-el-malaga-cf-hasta-2029-y-sera-jugador-del-primer-equipo-a-todos-los-efectos-a-partir-del-proximo-curso\/","title":{"rendered":"Rafita ampl\u00eda su contrato con el M\u00e1laga CF hasta 2029 y ser\u00e1 jugador del primer equipo a todos los efectos a partir del pr\u00f3ximo curso"},"content":{"rendered":"\n<p>Una de las grandes irrupciones de esta campa\u00f1a en el <strong>M\u00e1laga CF, Rafa Garrido &#8216;Rafita&#8217; <\/strong>(<strong>M\u00e1laga<\/strong>, 9 de noviembre de 2004) ha obtenido premio a su buen hacer. El lateral derecho, que <a href=\"https:\/\/www.emartsoccer.es\/rafita-garrido-debuta-en-laliga-con-el-primer-equipo-del-malaga-cf\/\" data-type=\"link\" data-id=\"https:\/\/www.emartsoccer.es\/rafita-garrido-debuta-en-laliga-con-el-primer-equipo-del-malaga-cf\/\">este curso debut\u00f3 con el primer equipo malacitano<\/a><strong>, ha renovado con el club de su vida hasta 2029 y tendr\u00e1 ficha profesional con el primer equipo a partir de la pr\u00f3xima temporada, la 2026-27.<\/strong><\/p>\n\n\n\n<p><strong>Rafita,<\/strong> que lleg\u00f3 al f\u00fatbol base del <strong>M\u00e1laga CF<\/strong> a comienzos del curso 2022-23 procedente del <strong>CD San F\u00e9lix<\/strong> y que pas\u00f3 a integrar el<strong> Juvenil A <\/strong>malacitano, ha ido creciendo a pasos agigantados hasta convertirse en uno de los jugadores con m\u00e1s futuro del club; sin ir m\u00e1s lejos, el curso anterior fue clave para el ascenso del <strong>Atl\u00e9tico Malague\u00f1o<\/strong> a<strong> Segunda RFEF<\/strong>. <strong> Tras entrar en una convocatoria copera con el primer equipo en la campa\u00f1a 2023-24 y en tres de liga el pasado curso pero quedarse sin minutos, esta temporada debut\u00f3 en su segunda citaci\u00f3n con los mayores.<\/strong><\/p>\n\n\n\n<p>Desde entonces, <strong>Rafita se ha convertido en uno m\u00e1s en la din\u00e1mica del primer equipo del M\u00e1laga CF y ha encadenado siete jornadas con minutos, cinco de ellas como titular.<\/strong> El joven lateral derecho, de tan solo 21 a\u00f1os, tiene un gran futuro por delante y el club malacitano ha querido asegur\u00e1rselo para las pr\u00f3ximas tres temporadas. \u00a1Vamos juntos a por m\u00e1s, <strong>Rafita<\/strong>!<\/p>\n","protected":false},"excerpt":{"rendered":"<p>Una de las grandes irrupciones de esta campa\u00f1a en el M\u00e1laga CF, Rafa Garrido &#8216;Rafita&#8217; (M\u00e1laga, 9 de noviembre de 2004) ha obtenido premio a su buen hacer. El lateral derecho, que este curso debut\u00f3 con el primer equipo malacitano, ha renovado con el club de su vida hasta 2029 y tendr\u00e1 ficha profesional con [&hellip;]<\/p>\n","protected":false},"author":7,"featured_media":64528,"comment_status":"closed","ping_status":"closed","sticky":false,"template":"","format":"standard","meta":{"footnotes":""},"categories":[594],"tags":[856],"class_list":["post-64359","post","type-post","status-publish","format-standard","has-post-thumbnail","hentry","category-noticia-masculino","tag-rafita"],"_links":{"self":[{"href":"https:\/\/www.emartsoccer.es\/en\/wp-json\/wp\/v2\/posts\/64359","targetHints":{"allow":["GET"]}}],"collection":[{"href":"https:\/\/www.emartsoccer.es\/en\/wp-json\/wp\/v2\/posts"}],"about":[{"href":"https:\/\/www.emartsoccer.es\/en\/wp-json\/wp\/v2\/types\/post"}],"author":[{"embeddable":true,"href":"https:\/\/www.emartsoccer.es\/en\/wp-json\/wp\/v2\/users\/7"}],"replies":[{"embeddable":true,"href":"https:\/\/www.emartsoccer.es\/en\/wp-json\/wp\/v2\/comments?post=64359"}],"version-history":[{"count":1,"href":"https:\/\/www.emartsoccer.es\/en\/wp-json\/wp\/v2\/posts\/64359\/revisions"}],"predecessor-version":[{"id":64364,"href":"https:\/\/www.emartsoccer.es\/en\/wp-json\/wp\/v2\/posts\/64359\/revisions\/64364"}],"wp:featuredmedia":[{"embeddable":true,"href":"https:\/\/www.emartsoccer.es\/en\/wp-json\/wp\/v2\/media\/64528"}],"wp:attachment":[{"href":"https:\/\/www.emartsoccer.es\/en\/wp-json\/wp\/v2\/media?parent=64359"}],"wp:term":[{"taxonomy":"category","embeddable":true,"href":"https:\/\/www.emartsoccer.es\/en\/wp-json\/wp\/v2\/categories?post=64359"},{"taxonomy":"post_tag","embeddable":true,"href":"https:\/\/www.emartsoccer.es\/en\/wp-json\/wp\/v2\/tags?post=64359"}],"curies":[{"name":"wp","href":"https:\/\/api.w.org\/{rel}","templated":true}]}}