{"id":64342,"date":"2025-11-26T07:55:28","date_gmt":"2025-11-26T06:55:28","guid":{"rendered":"https:\/\/www.emartsoccer.es\/?p=64342"},"modified":"2025-11-26T10:04:25","modified_gmt":"2025-11-26T09:04:25","slug":"semana-de-trabajo-para-emartsoccer-en-portugal","status":"publish","type":"post","link":"https:\/\/www.emartsoccer.es\/en\/semana-de-trabajo-para-emartsoccer-en-portugal\/","title":{"rendered":"Semana de trabajo para Emart&#038;Soccer en Portugal"},"content":{"rendered":"\n<p>En <strong>Emart&amp;Soccer<\/strong> no paramos nunca, ni siquiera en el reciente par\u00f3n internacional. En cuanto acaba un mercado ya estamos preparando el siguiente, as\u00ed como preocup\u00e1ndonos por el estado de nuestros futbolistas. En esta ocasi\u00f3n <strong>nuestro CEO, Eduardo Llanos, ha estado una semana visitando a diversos clubes de Portugal y a nuestros jugadores en territorio luso.<\/strong><\/p>\n\n\n\n<p>En nuestro af\u00e1n por mejorar cont\u00ednuamente, <strong>Eduardo Llanos estuvo en las sedes de varios clubes de las dos primeras categor\u00edas de Portugal con tal de seguir estrechando lazos y ampliando horizontes<\/strong>. <strong>FC Porto, Rio Ave FC, Sporting Clube de Braga, Gil Vicente FC, AVS Futebol, Moreirense FC, FC Famalicao, CD Tondela<\/strong> y el <strong>SC Vit\u00f3ria Guimaraes <\/strong>de <strong>Orest Lebedenko<\/strong> fueron los equipos de la<strong> Liga Portugal <\/strong>visitados. Mientras, los equipos de la<strong> Liga Portugal 2 <\/strong>que recibieron a<strong> Emart&amp;Soccer<\/strong> fueron <strong>Acad\u00e9mico Viseu FC, FC Pe\u00f1afiel, CD Feirense, GD Chaves, FC Alverca<\/strong> y <strong>FC Pa\u00e7os Ferreira<\/strong>.<\/p>\n\n\n\n<p><strong>Una semana intensa de trabajo en un pa\u00eds, Portugal, en el que Emart&amp;Soccer ha tenido varios jugadores en los \u00faltimos a\u00f1o<\/strong>s y en el que este curso cuenta con <strong>Orest Lebedenko<\/strong> en el <strong>SC Vit\u00f3ria Guimaraes<\/strong> y<strong> Toni Herrero<\/strong> en el<strong> SC Farense<\/strong>. \u00a1Obrigado a todos los clubes que nos han atendido y que nos han hecho sentir como en casa!<\/p>\n","protected":false},"excerpt":{"rendered":"<p>En Emart&amp;Soccer no paramos nunca, ni siquiera en el reciente par\u00f3n internacional. En cuanto acaba un mercado ya estamos preparando el siguiente, as\u00ed como preocup\u00e1ndonos por el estado de nuestros futbolistas. En esta ocasi\u00f3n nuestro CEO, Eduardo Llanos, ha estado una semana visitando a diversos clubes de Portugal y a nuestros jugadores en territorio luso. [&hellip;]<\/p>\n","protected":false},"author":7,"featured_media":64345,"comment_status":"closed","ping_status":"closed","sticky":false,"template":"","format":"standard","meta":{"footnotes":""},"categories":[594],"tags":[889,675],"class_list":["post-64342","post","type-post","status-publish","format-standard","has-post-thumbnail","hentry","category-noticia-masculino","tag-eduardo-llanos","tag-portugal"],"_links":{"self":[{"href":"https:\/\/www.emartsoccer.es\/en\/wp-json\/wp\/v2\/posts\/64342","targetHints":{"allow":["GET"]}}],"collection":[{"href":"https:\/\/www.emartsoccer.es\/en\/wp-json\/wp\/v2\/posts"}],"about":[{"href":"https:\/\/www.emartsoccer.es\/en\/wp-json\/wp\/v2\/types\/post"}],"author":[{"embeddable":true,"href":"https:\/\/www.emartsoccer.es\/en\/wp-json\/wp\/v2\/users\/7"}],"replies":[{"embeddable":true,"href":"https:\/\/www.emartsoccer.es\/en\/wp-json\/wp\/v2\/comments?post=64342"}],"version-history":[{"count":1,"href":"https:\/\/www.emartsoccer.es\/en\/wp-json\/wp\/v2\/posts\/64342\/revisions"}],"predecessor-version":[{"id":64347,"href":"https:\/\/www.emartsoccer.es\/en\/wp-json\/wp\/v2\/posts\/64342\/revisions\/64347"}],"wp:featuredmedia":[{"embeddable":true,"href":"https:\/\/www.emartsoccer.es\/en\/wp-json\/wp\/v2\/media\/64345"}],"wp:attachment":[{"href":"https:\/\/www.emartsoccer.es\/en\/wp-json\/wp\/v2\/media?parent=64342"}],"wp:term":[{"taxonomy":"category","embeddable":true,"href":"https:\/\/www.emartsoccer.es\/en\/wp-json\/wp\/v2\/categories?post=64342"},{"taxonomy":"post_tag","embeddable":true,"href":"https:\/\/www.emartsoccer.es\/en\/wp-json\/wp\/v2\/tags?post=64342"}],"curies":[{"name":"wp","href":"https:\/\/api.w.org\/{rel}","templated":true}]}}