{"id":64321,"date":"2025-11-24T13:25:17","date_gmt":"2025-11-24T12:25:17","guid":{"rendered":"https:\/\/www.emartsoccer.es\/?p=64321"},"modified":"2025-11-24T13:25:20","modified_gmt":"2025-11-24T12:25:20","slug":"vera-rico-gema-climent-y-ainhoa-guallar-brillan-en-primera-rfef-y-son-el-top-3-de-la-jornada-11","status":"publish","type":"post","link":"https:\/\/www.emartsoccer.es\/en\/vera-rico-gema-climent-y-ainhoa-guallar-brillan-en-primera-rfef-y-son-el-top-3-de-la-jornada-11\/","title":{"rendered":"Vera Rico, Gema Climent y Ainhoa Guallar brillan en Primera RFEF y son el top-3 de la jornada 11"},"content":{"rendered":"\n<p>Jornada 11 de la <strong>Primera RFEF<\/strong> y<strong> nuevo top-3 de Emart&amp;Soccer, el cual en esta ocasi\u00f3n es para Vera Rico, Gema Climent y Ainhoa Guallar<\/strong>. La primera jug\u00f3 un gran encuentro en la victoria del <strong>Real Oviedo <\/strong>ante el <strong>CFF C\u00e1ceres; Gema Climent<\/strong> se multiplic\u00f3 en <strong>El Tajonar<\/strong> tras quedarse el <strong>Valencia F\u00e9minas<\/strong> con una menos en los minutos finales y<strong> Ainhoa Guallar <\/strong>particip\u00f3 activamente en la goleada del <strong>Deportivo Alav\u00e9s<\/strong> en el feudo del S<strong>DF Real Betis Balompi\u00e9<\/strong>.<\/p>\n\n\n\n<p>El <strong>Real Oviedo<\/strong> volvi\u00f3 a sumar de tres despu\u00e9s dos meses sin hacerlo. El cuadro carbay\u00f3n derrot\u00f3 por dos goles a uno al <strong>CFF C\u00e1ceres<\/strong> en un encuentro en el que<strong> Vera Rico protagoniz\u00f3 un gran despliegue f\u00edsico, tanto presionando sin bal\u00f3n como ofreci\u00e9ndose con \u00e9l.<\/strong> Le dio una velocidad al juego que el cuadro extreme\u00f1o n pudo aguantar y fue clave para que la victoria se quedara en<strong> El Requex\u00f3n<\/strong> (2-1).<\/p>\n\n\n\n<p>Pero si hablamos de despliegue f\u00edsico, sin duda hay que destacar a <strong>Gema Climent. <\/strong>La centrocampista <strong>trabaj\u00f3 de manera incansable en la medular y se tuvo que multiplicar en los minutos finales del duelo por la expulsi\u00f3n de una compa\u00f1era<\/strong> con tal de que el <strong>Valencia F\u00e9minas <\/strong>acabara sumando un punto en <strong>Tajonar<\/strong> (0-0).<\/p>\n\n\n\n<p>En cuanto a goles, brillante actuaci\u00f3n de <strong>Ainhoa Guallar <\/strong>con el <strong>Deportivo Alav\u00e9s<\/strong>. Fue imparable con su velocidad y sus regates, siendo un cont\u00ednuo quebradero de cabeza para la zaga de un <strong>SDF Real Betis Balompi\u00e9<\/strong> que recibi\u00f3 una goleada por parte del cuadro vitoriano (0-5). <strong>Dos de esos tantos llevaron la firma de Guallar.<\/strong><\/p>\n\n\n<div class=\"wp-block-image\">\n<figure class=\"aligncenter size-large is-resized\"><img fetchpriority=\"high\" decoding=\"async\" width=\"576\" height=\"1024\" src=\"https:\/\/www.emartsoccer.es\/wp-content\/uploads\/2025\/11\/Primera_RFEF-2-576x1024.jpg\" alt=\"\" class=\"wp-image-64324\" style=\"width:248px;height:auto\"\/><\/figure>\n<\/div>","protected":false},"excerpt":{"rendered":"<p>Jornada 11 de la Primera RFEF y nuevo top-3 de Emart&amp;Soccer, el cual en esta ocasi\u00f3n es para Vera Rico, Gema Climent y Ainhoa Guallar. La primera jug\u00f3 un gran encuentro en la victoria del Real Oviedo ante el CFF C\u00e1ceres; Gema Climent se multiplic\u00f3 en El Tajonar tras quedarse el Valencia F\u00e9minas con una [&hellip;]<\/p>\n","protected":false},"author":7,"featured_media":64326,"comment_status":"closed","ping_status":"closed","sticky":false,"template":"","format":"standard","meta":{"footnotes":""},"categories":[593],"tags":[839,847,866],"class_list":["post-64321","post","type-post","status-publish","format-standard","has-post-thumbnail","hentry","category-noticia-femenino","tag-ainhoa-guallar","tag-gema-climent","tag-vera-rico"],"_links":{"self":[{"href":"https:\/\/www.emartsoccer.es\/en\/wp-json\/wp\/v2\/posts\/64321","targetHints":{"allow":["GET"]}}],"collection":[{"href":"https:\/\/www.emartsoccer.es\/en\/wp-json\/wp\/v2\/posts"}],"about":[{"href":"https:\/\/www.emartsoccer.es\/en\/wp-json\/wp\/v2\/types\/post"}],"author":[{"embeddable":true,"href":"https:\/\/www.emartsoccer.es\/en\/wp-json\/wp\/v2\/users\/7"}],"replies":[{"embeddable":true,"href":"https:\/\/www.emartsoccer.es\/en\/wp-json\/wp\/v2\/comments?post=64321"}],"version-history":[{"count":1,"href":"https:\/\/www.emartsoccer.es\/en\/wp-json\/wp\/v2\/posts\/64321\/revisions"}],"predecessor-version":[{"id":64328,"href":"https:\/\/www.emartsoccer.es\/en\/wp-json\/wp\/v2\/posts\/64321\/revisions\/64328"}],"wp:featuredmedia":[{"embeddable":true,"href":"https:\/\/www.emartsoccer.es\/en\/wp-json\/wp\/v2\/media\/64326"}],"wp:attachment":[{"href":"https:\/\/www.emartsoccer.es\/en\/wp-json\/wp\/v2\/media?parent=64321"}],"wp:term":[{"taxonomy":"category","embeddable":true,"href":"https:\/\/www.emartsoccer.es\/en\/wp-json\/wp\/v2\/categories?post=64321"},{"taxonomy":"post_tag","embeddable":true,"href":"https:\/\/www.emartsoccer.es\/en\/wp-json\/wp\/v2\/tags?post=64321"}],"curies":[{"name":"wp","href":"https:\/\/api.w.org\/{rel}","templated":true}]}}