{"id":64301,"date":"2026-01-04T11:33:38","date_gmt":"2026-01-04T10:33:38","guid":{"rendered":"https:\/\/www.emartsoccer.es\/?p=64301"},"modified":"2026-01-04T11:33:43","modified_gmt":"2026-01-04T10:33:43","slug":"sergi-enrich-alcanza-los-cien-goles-en-el-futbol-profesional","status":"publish","type":"post","link":"https:\/\/www.emartsoccer.es\/en\/sergi-enrich-alcanza-los-cien-goles-en-el-futbol-profesional\/","title":{"rendered":"Sergi Enrich alcanza los cien goles en el f\u00fatbol profesional"},"content":{"rendered":"\n<p>Si <strong>Sergi Enrich<\/strong> ya era historia del f\u00fatbol espa\u00f1ol, ahora los es todav\u00eda m\u00e1s. <strong>El ariete de la SD Huesca ha llegado a los cien goles en el f\u00fatbol profesional tras marcar su tercer gol de la campa\u00f1a, el logrado contra el CD Castell\u00f3n en la derrota del cuadro oscense (4-1).<\/strong> El menorqu\u00edn ha conseguidp 61 goles en <strong>Segunda divisi\u00f3n<\/strong>, 34 en <strong>Primera <\/strong>y cinco en <strong>Copa del Rey<\/strong>. Hist\u00f3rico.<\/p>\n\n\n\n<p><strong>Sergi Enrich<\/strong>, una instituci\u00f3n en nuestro f\u00fatbol que <a href=\"https:\/\/www.emartsoccer.es\/sergi-enrich-firma-en-propiedad-con-la-sd-huesca-y-seguira-vistiendo-de-azulgrana\/\" data-type=\"link\" data-id=\"https:\/\/www.emartsoccer.es\/sergi-enrich-firma-en-propiedad-con-la-sd-huesca-y-seguira-vistiendo-de-azulgrana\/\">se convirti\u00f3 en jugador de la <strong>SD Huesca<\/strong> a todos los efectos este pasado veran<\/a>o tras <a href=\"https:\/\/www.emartsoccer.es\/sergi-enrich-finaliza-su-prestamo-a-la-sd-huesca-como-segundo-maximo-goleador-del-equipo\/\" data-type=\"link\" data-id=\"https:\/\/www.emartsoccer.es\/sergi-enrich-finaliza-su-prestamo-a-la-sd-huesca-como-segundo-maximo-goleador-del-equipo\/\">actuar el curso anteror en el cuadro altoaragon\u00e9s en calidad de cedido<\/a>, <strong>suma el centenar de goles en las dos primeras categor\u00edas del f\u00fatbol espa\u00f1ol y en Copa del Rey tras 17 campa\u00f1as en el f\u00fatbol profesional espa\u00f1ol<\/strong>. Durante todo este tiempo, el balear ha defendido los colores de hasta ocho conjuntos.<\/p>\n\n\n\n<p>Despu\u00e9s de formarse en las categor\u00edas inferiores del <strong>RCD Mallorca<\/strong>, club con el que lleg\u00f3 a jugar en <strong>Primera divisi\u00f3n<\/strong> pocos encuentros durante sus primeras dos temporadas en la \u00e9lite sin que viera puerta, ha paso posteriormente por <strong>RC Recreativo de Huelva, AD Alcorc\u00f3n, CD Numancia, SD Eibar, SD Ponferradina, Real Oviedo, Real Zaragoza <\/strong>y <strong>SD Huesca<\/strong>. Con todos los equipos citados ha marcado en categor\u00eda profesional: <strong>15 temporadas seguidas marcando entre Primera y Segunda divisi\u00f3n<\/strong>.<\/p>\n\n\n\n<p>Sus cien goles se reparten de la siguiente manera: 39 con la <strong>SD Eibar<\/strong>, 26 con el <strong>CD Numancia<\/strong>, diez con la <strong>SD Huesca<\/strong>, siete con el <strong>Real Oviedo<\/strong>, siete m\u00e1s con el <strong>RC Recreativo de Huelva<\/strong>, seis con la <strong>SD Ponferradina<\/strong>, tres con la <strong>AD Alcorc\u00f3n<\/strong> y dos con el <strong>Real Zaragoza<\/strong>. Tan solo con la <strong>SD Eibar<\/strong> ha jugado y marcado en <strong>Primera divisi\u00f3n: 34 dianas logr\u00f3 en la categor\u00eda reina del f\u00fatbol espa\u00f1ol entre las temporadas 2015-16 y 2020-21.<\/strong><\/p>\n\n\n\n<p>A nivel de rivales, e<strong>l Granada CF<\/strong> es el que m\u00e1s ha sufrido a <strong>Sergi Enrich<\/strong>, al recibir hasta seis goles del balear. <strong>El delantero de la SD Huesca, que a sus 35 a\u00f1os sigue dando guerra, ha perforado las redes de hasta 47 equipos distintos durante este periodo.<\/strong> Incluso lo ha hecho a primeras espadas y filiales: ha marcado ante<strong>Villarreal CF<\/strong> y <strong>FC Barcelona<\/strong> as\u00ed como con sus filiales. Esta temporada tiene la oportunidad de hacerlo por tercera vez con el segundo equipo de la <strong>Real Sociedad<\/strong>; al cuadro txuri-urdin ya lo ha &#8216;vacunado&#8217;.<\/p>\n\n\n\n<p><strong>Sergi Enrich<\/strong> tiene cuerda para rato. E<strong>l menorqu\u00edn es una pieza importante para la SD Huesca, que pele\u00f3 este pasado verano para qued\u00e1rselo en propiedad. Enrich<\/strong> es feliz en el conjunto oscense y la afici\u00f3n del equipo altoaragon\u00e9s le muestra su estima cada semana no solo por sus goles, sino por su lucha constante. \u00a1Felicidades por este gran logro, <strong>Sergi<\/strong>!<\/p>\n","protected":false},"excerpt":{"rendered":"<p>Si Sergi Enrich ya era historia del f\u00fatbol espa\u00f1ol, ahora los es todav\u00eda m\u00e1s. El ariete de la SD Huesca ha llegado a los cien goles en el f\u00fatbol profesional tras marcar su tercer gol de la campa\u00f1a, el logrado contra el CD Castell\u00f3n en la derrota del cuadro oscense (4-1). El menorqu\u00edn ha conseguidp [&hellip;]<\/p>\n","protected":false},"author":7,"featured_media":64304,"comment_status":"closed","ping_status":"closed","sticky":false,"template":"","format":"standard","meta":{"footnotes":""},"categories":[594],"tags":[79],"class_list":["post-64301","post","type-post","status-publish","format-standard","has-post-thumbnail","hentry","category-noticia-masculino","tag-sergi-enrich"],"_links":{"self":[{"href":"https:\/\/www.emartsoccer.es\/en\/wp-json\/wp\/v2\/posts\/64301","targetHints":{"allow":["GET"]}}],"collection":[{"href":"https:\/\/www.emartsoccer.es\/en\/wp-json\/wp\/v2\/posts"}],"about":[{"href":"https:\/\/www.emartsoccer.es\/en\/wp-json\/wp\/v2\/types\/post"}],"author":[{"embeddable":true,"href":"https:\/\/www.emartsoccer.es\/en\/wp-json\/wp\/v2\/users\/7"}],"replies":[{"embeddable":true,"href":"https:\/\/www.emartsoccer.es\/en\/wp-json\/wp\/v2\/comments?post=64301"}],"version-history":[{"count":2,"href":"https:\/\/www.emartsoccer.es\/en\/wp-json\/wp\/v2\/posts\/64301\/revisions"}],"predecessor-version":[{"id":65031,"href":"https:\/\/www.emartsoccer.es\/en\/wp-json\/wp\/v2\/posts\/64301\/revisions\/65031"}],"wp:featuredmedia":[{"embeddable":true,"href":"https:\/\/www.emartsoccer.es\/en\/wp-json\/wp\/v2\/media\/64304"}],"wp:attachment":[{"href":"https:\/\/www.emartsoccer.es\/en\/wp-json\/wp\/v2\/media?parent=64301"}],"wp:term":[{"taxonomy":"category","embeddable":true,"href":"https:\/\/www.emartsoccer.es\/en\/wp-json\/wp\/v2\/categories?post=64301"},{"taxonomy":"post_tag","embeddable":true,"href":"https:\/\/www.emartsoccer.es\/en\/wp-json\/wp\/v2\/tags?post=64301"}],"curies":[{"name":"wp","href":"https:\/\/api.w.org\/{rel}","templated":true}]}}