{"id":64295,"date":"2025-11-24T15:27:22","date_gmt":"2025-11-24T14:27:22","guid":{"rendered":"https:\/\/www.emartsoccer.es\/?p=64295"},"modified":"2025-11-24T16:41:49","modified_gmt":"2025-11-24T15:41:49","slug":"diez-de-los-18-puntos-del-cd-lugo-llevan-la-firma-de-iker-unzueta","status":"publish","type":"post","link":"https:\/\/www.emartsoccer.es\/en\/diez-de-los-18-puntos-del-cd-lugo-llevan-la-firma-de-iker-unzueta\/","title":{"rendered":"Diez de los 18 puntos del CD Lugo llevan la firma de Iker Unzueta"},"content":{"rendered":"\n<p><a href=\"https:\/\/www.emartsoccer.es\/iker-unzueta-trabajador-incansable-en-pro-del-equipo\/\">La temporada pasada no fue f\u00e1cil para <strong>Iker Unzueta<\/strong>.<\/a> El delantero vizca\u00edno no goz\u00f3 de las oportunidades esperadas en la<strong> SD Huesca<\/strong> y, acabada la campa\u00f1a, tuvo que hacer las maletas. <a href=\"https:\/\/www.emartsoccer.es\/iker-unzueta-refuerza-la-parcela-ofensiva-del-cd-lugo\/\" data-type=\"link\" data-id=\"https:\/\/www.emartsoccer.es\/iker-unzueta-refuerza-la-parcela-ofensiva-del-cd-lugo\/\">El <strong>CD Lugo <\/strong>le dio la oportunidad <\/a>y no la est\u00e1 desaprovechando: pese a bajar una categor\u00eda hasta la<strong> Primera RFEF<\/strong>, <strong>el de Abadi\u00f1o est\u00e1 siendo uno de los grandes protagonistas de la buena racha de su equipo, la cual consiste en ocho jornadas sin conocer la derrota.<\/strong><\/p>\n\n\n\n<p>Porque<strong> Iker Unzueta<\/strong> se est\u00e1 llevando todos los aplausos en el <strong>CD Lugo<\/strong>. Los aficionados lucenses est\u00e1n m\u00e1s que satisfechos con su llegada, puesto que hasta el momento suma cuatro dianas en 13 jornadas, la \u00faltima en un derbi ante el <strong>Pontevedra CF<\/strong> que signific\u00f3 que los puntos se quedaran en el <strong>Anxo Carro<\/strong> (1-0). A pesar de que le cost\u00f3 arrancar, el delantero centro est\u00e1 respondiendo a las expectativas: <strong>suma dos partidos seguidos viendo puerta, es el m\u00e1ximo realizador del equipo y sus goles han dado al CD Lugo diez de los 18 puntos con los que cuenta<\/strong> <strong>en el grupo 1 de Primera RFEF.<\/strong><\/p>\n\n\n\n<p>La buena estrella de <strong>Iker Unzueta<\/strong>, que est\u00e1 a una sola diana de igualar la marca goleadora que firm\u00f3 en la temporada 2023-24 con una <strong>SD Amorebieta <\/strong>a la que reforz\u00f3 en invierno, va mucho m\u00e1s all\u00e1 del <strong>CD Lugo.<\/strong> <strong>Los \u00faltimos 23 goles que ha marcado han servido para que sus respectivos equipos punt\u00faen, una racha de la que se han beneficiado los \u00faltimos cinco clubes en los que ha estado<\/strong>. A los cuatro que suma en el cuadro lucense hay que a\u00f1adir los dos que logr\u00f3 el pasado curso con la<strong> SD Huesca<\/strong>, el anotado con el <strong>FC Vizela<\/strong> luso, los cinco conseguidos con la <strong>SD Amorebieta <\/strong>en su segunda etapa en el cuadro vasco y 11 de los 13 marcados con la<strong> SD Logro\u00f1\u00e9s<\/strong> en el curso 2022-23. <\/p>\n\n\n\n<p>Sin lugar a dudas, <strong>Iker Unzueta est\u00e1 tocado por una varita:<\/strong> la \u00faltima vez que sus goles no sirvieron a uno de sus equipos para puntuar fue en la derrota de la <strong>SD Logro\u00f1\u00e9s<\/strong> ante la <strong>SD Amorebieta<\/strong> por 4-2, en un duelo en el que el delantero logr\u00f3 un doblete est\u00e9ril, hace m\u00e1s de tres a\u00f1os. Adem\u00e1s de estar de dulce, <strong>Iker Unzueta<\/strong> tiene a la diosa fortuna de su lado. Motivos m\u00e1s que de sobra para sonre\u00edr.<\/p>\n","protected":false},"excerpt":{"rendered":"<p>La temporada pasada no fue f\u00e1cil para Iker Unzueta. El delantero vizca\u00edno no goz\u00f3 de las oportunidades esperadas en la SD Huesca y, acabada la campa\u00f1a, tuvo que hacer las maletas. El CD Lugo le dio la oportunidad y no la est\u00e1 desaprovechando: pese a bajar una categor\u00eda hasta la Primera RFEF, el de Abadi\u00f1o [&hellip;]<\/p>\n","protected":false},"author":7,"featured_media":64299,"comment_status":"closed","ping_status":"closed","sticky":false,"template":"","format":"standard","meta":{"footnotes":""},"categories":[594],"tags":[698],"class_list":["post-64295","post","type-post","status-publish","format-standard","has-post-thumbnail","hentry","category-noticia-masculino","tag-iker-unzueta"],"_links":{"self":[{"href":"https:\/\/www.emartsoccer.es\/en\/wp-json\/wp\/v2\/posts\/64295","targetHints":{"allow":["GET"]}}],"collection":[{"href":"https:\/\/www.emartsoccer.es\/en\/wp-json\/wp\/v2\/posts"}],"about":[{"href":"https:\/\/www.emartsoccer.es\/en\/wp-json\/wp\/v2\/types\/post"}],"author":[{"embeddable":true,"href":"https:\/\/www.emartsoccer.es\/en\/wp-json\/wp\/v2\/users\/7"}],"replies":[{"embeddable":true,"href":"https:\/\/www.emartsoccer.es\/en\/wp-json\/wp\/v2\/comments?post=64295"}],"version-history":[{"count":4,"href":"https:\/\/www.emartsoccer.es\/en\/wp-json\/wp\/v2\/posts\/64295\/revisions"}],"predecessor-version":[{"id":64340,"href":"https:\/\/www.emartsoccer.es\/en\/wp-json\/wp\/v2\/posts\/64295\/revisions\/64340"}],"wp:featuredmedia":[{"embeddable":true,"href":"https:\/\/www.emartsoccer.es\/en\/wp-json\/wp\/v2\/media\/64299"}],"wp:attachment":[{"href":"https:\/\/www.emartsoccer.es\/en\/wp-json\/wp\/v2\/media?parent=64295"}],"wp:term":[{"taxonomy":"category","embeddable":true,"href":"https:\/\/www.emartsoccer.es\/en\/wp-json\/wp\/v2\/categories?post=64295"},{"taxonomy":"post_tag","embeddable":true,"href":"https:\/\/www.emartsoccer.es\/en\/wp-json\/wp\/v2\/tags?post=64295"}],"curies":[{"name":"wp","href":"https:\/\/api.w.org\/{rel}","templated":true}]}}