{"id":64276,"date":"2025-11-25T14:43:12","date_gmt":"2025-11-25T13:43:12","guid":{"rendered":"https:\/\/www.emartsoccer.es\/?p=64276"},"modified":"2025-11-25T14:43:18","modified_gmt":"2025-11-25T13:43:18","slug":"lander-olaetxea-llega-a-los-200-partidos-en-laliga-hypermotion","status":"publish","type":"post","link":"https:\/\/www.emartsoccer.es\/en\/lander-olaetxea-llega-a-los-200-partidos-en-laliga-hypermotion\/","title":{"rendered":"Lander Olaetxea llega a los 200 partidos en LaLiga Hypermotion"},"content":{"rendered":"\n<p>D\u00eda especial para<strong> Lander Olaetxea<\/strong>, que<strong> en el duelo disputado entre su equipo, la SD Eibar, y el Real Zaragoza lleg\u00f3 a los 200 encuentros en LaLiga Hypermotion. <\/strong>El mediocentro vasco, que<a href=\"https:\/\/www.emartsoccer.es\/lander-olaetxea-refuerza-la-medular-de-la-sd-eibar\/\" data-type=\"link\" data-id=\"https:\/\/www.emartsoccer.es\/lander-olaetxea-refuerza-la-medular-de-la-sd-eibar\/\"> este pasado verano cambio el <strong>Real Sporting de Gij\u00f3n<\/strong> por<strong> el cuadro armero<\/strong><\/a>, llega a un n\u00famero redondo en la categor\u00eda de plata del f\u00fatbol espa\u00f1ol. La fiesta no pudo ser completa, puesto que el conjunto vasco cay\u00f3 derrotado (1-2).<\/p>\n\n\n\n<p>Mucho ha llovido desde que <strong>Lander Olaetxea jug\u00f3 su primer encuentro en LaLiga Hypermotion, un lejano 9 de noviembre de 2015 con la camiseta del Bilbao Athletic ante la desaparecida UE Llagostera<\/strong>. El centrocampista tan solo disput\u00f3 un minuto de ese encuentro en el que los rojiblancos vencieron por dos goles a cero, pero fue suficiente para que ese futbolista de tan solo 22 a\u00f1os empezara a escribir su nombre en la historia de la<strong> Segunda divisi\u00f3n<\/strong> espa\u00f1ola. <\/p>\n\n\n\n<p>Ahora, diez a\u00f1os m\u00e1s tarde y seis equipos despu\u00e9s,<strong> Lander Olaetxea<\/strong> cumple 200 duelos en <strong>LaLiga Hypermotion<\/strong>. Tras descender el curso de su debut,<strong> no regres\u00f3 a Segunda divisi\u00f3n hasta cinco campa\u00f1as despu\u00e9s: lo hizo con la camiseta de una UD Logro\u00f1\u00e9s con la que la temporada 2019-20 logr\u00f3 el ascenso desde la extinta Segunda divisi\u00f3n B<\/strong>. Ese curso marc\u00f3 el primero de los diez goles que acumula en la categor\u00eda.<\/p>\n\n\n\n<p>Tras debutar en <strong>LaLiga Hypermotion<\/strong> con un <strong>Bilbao Athletic <\/strong>con el que disput\u00f3 nueve partidos<strong>, Lander Olaetxea <\/strong> jug\u00f3 34 con la <strong>UD Logro\u00f1\u00e9s<\/strong>, 35 con la <strong>SD Amorebieta<\/strong>, 76 con el <strong>Albacete Balompi\u00e9 <\/strong>en dos campa\u00f1as y 36 con el <strong>Real Sporting de Gij\u00f3n<\/strong>.<strong> Esta temporada suma diez apariciones en la categor\u00eda con la SD Eibar, equipo con el que ha llegado a los 200 duelos en Segunda<\/strong>, en los que ha acumulado 15.000 minutos en la categor\u00eda de plata, siendo un fijo en todos los equipos en los que ha estado.<\/p>\n","protected":false},"excerpt":{"rendered":"<p>D\u00eda especial para Lander Olaetxea, que en el duelo disputado entre su equipo, la SD Eibar, y el Real Zaragoza lleg\u00f3 a los 200 encuentros en LaLiga Hypermotion. El mediocentro vasco, que este pasado verano cambio el Real Sporting de Gij\u00f3n por el cuadro armero, llega a un n\u00famero redondo en la categor\u00eda de plata [&hellip;]<\/p>\n","protected":false},"author":7,"featured_media":64252,"comment_status":"closed","ping_status":"closed","sticky":false,"template":"","format":"standard","meta":{"footnotes":""},"categories":[594],"tags":[719],"class_list":["post-64276","post","type-post","status-publish","format-standard","has-post-thumbnail","hentry","category-noticia-masculino","tag-lander-olaetxea"],"_links":{"self":[{"href":"https:\/\/www.emartsoccer.es\/en\/wp-json\/wp\/v2\/posts\/64276","targetHints":{"allow":["GET"]}}],"collection":[{"href":"https:\/\/www.emartsoccer.es\/en\/wp-json\/wp\/v2\/posts"}],"about":[{"href":"https:\/\/www.emartsoccer.es\/en\/wp-json\/wp\/v2\/types\/post"}],"author":[{"embeddable":true,"href":"https:\/\/www.emartsoccer.es\/en\/wp-json\/wp\/v2\/users\/7"}],"replies":[{"embeddable":true,"href":"https:\/\/www.emartsoccer.es\/en\/wp-json\/wp\/v2\/comments?post=64276"}],"version-history":[{"count":4,"href":"https:\/\/www.emartsoccer.es\/en\/wp-json\/wp\/v2\/posts\/64276\/revisions"}],"predecessor-version":[{"id":64308,"href":"https:\/\/www.emartsoccer.es\/en\/wp-json\/wp\/v2\/posts\/64276\/revisions\/64308"}],"wp:featuredmedia":[{"embeddable":true,"href":"https:\/\/www.emartsoccer.es\/en\/wp-json\/wp\/v2\/media\/64252"}],"wp:attachment":[{"href":"https:\/\/www.emartsoccer.es\/en\/wp-json\/wp\/v2\/media?parent=64276"}],"wp:term":[{"taxonomy":"category","embeddable":true,"href":"https:\/\/www.emartsoccer.es\/en\/wp-json\/wp\/v2\/categories?post=64276"},{"taxonomy":"post_tag","embeddable":true,"href":"https:\/\/www.emartsoccer.es\/en\/wp-json\/wp\/v2\/tags?post=64276"}],"curies":[{"name":"wp","href":"https:\/\/api.w.org\/{rel}","templated":true}]}}