{"id":64268,"date":"2025-11-19T11:09:13","date_gmt":"2025-11-19T10:09:13","guid":{"rendered":"https:\/\/www.emartsoccer.es\/?p=64268"},"modified":"2025-11-19T11:18:34","modified_gmt":"2025-11-19T10:18:34","slug":"jeremy-arevalo-regresa-a-su-club-tras-debutar-con-la-seleccion-absoluta-de-ecuador-en-partido-amistoso","status":"publish","type":"post","link":"https:\/\/www.emartsoccer.es\/en\/jeremy-arevalo-regresa-a-su-club-tras-debutar-con-la-seleccion-absoluta-de-ecuador-en-partido-amistoso\/","title":{"rendered":"Jeremy Ar\u00e9valo regresa a su club tras debutar con la selecci\u00f3n absoluta de Ecuador en partido amistoso"},"content":{"rendered":"\n<p>El gran arranque de campa\u00f1a con el <strong>Real Racing Club<\/strong> en <strong>LaLiga Hypermotion<\/strong>, en la que ha anotado siete goles en 13 partidos, le valieron a <strong>Jeremy Ar\u00e9valo<\/strong> para ser <strong><a href=\"https:\/\/www.emartsoccer.es\/otro-premio-mas-para-jeremy-arevalo-primera-convocatoria-con-la-seleccion-absoluta-de-ecuador\/\" data-type=\"link\" data-id=\"https:\/\/www.emartsoccer.es\/otro-premio-mas-para-jeremy-arevalo-primera-convocatoria-con-la-seleccion-absoluta-de-ecuador\/\">convocado por primera vez por la selecci\u00f3n absoluta de Ecuador de cara al par\u00f3n internacional de noviembre<\/a> en el que &#8216;La Tri&#8217; se ha medido a Canad\u00e1 y Nueva Zelanda. <\/strong>El delantero ha vivido su primera experiencia con un grupo en el que todo apunta a que ser\u00e1 importante en un futuro no muy lejano.<\/p>\n\n\n\n<p>Con el <strong>Mundial 2026<\/strong> a la vuelta de la esquina, competici\u00f3n para la que <strong>Ecuador<\/strong> est\u00e1 clasificada,<strong> la citaci\u00f3n de Jeremy Ar\u00e9valo por parte del seleccionador, Sebasti\u00e1n Beccacece, es toda una declaraci\u00f3n de intenciones.<\/strong> Pese a que no lo ha utilizado demasiado en los dos partidos jugados por<strong> &#8216;La Tri&#8217;<\/strong>, este primer llamado ha servido para que el ariete del <strong>Real Racing Club<\/strong> se empiece a integrar en el grupo.<\/p>\n\n\n\n<p><strong>Jeremy Ar\u00e9valo<\/strong> <strong>disput\u00f3 los \u00faltimos cinco minutos del primer encuentro amistoso que disput\u00f3 en este par\u00f3n Ecuador, el jugado en Canad\u00e1 ante dicha selecci\u00f3n y que acab\u00f3 en empate sin goles.<\/strong> El de <strong>Malia\u00f1o<\/strong> sustituy\u00f3 a <strong>Pedro Vite<\/strong> en el 85&#8242; para hacer su debut oficial con el combinado sudamericano. Por contra, en la victoria ante <strong>Nueva Zelanda<\/strong> (2-0), <strong>Jeremy Ar\u00e9valo<\/strong> se qued\u00f3 sin participar.<\/p>\n\n\n\n<p><strong>La primera experiencia de Jeremy Ar\u00e9valo como internacional absoluto es un paso m\u00e1s en la carrera del joven delantero, de tan solo 20 a\u00f1os.<\/strong> El atacante del <strong>Real Racing Club<\/strong> ha conocido a un grupo en el que se espera sea integrante habitual en las pr\u00f3ximas convocatorias y ha vivido desde dentro lo que significa representar a todo un pa\u00eds. <\/p>\n","protected":false},"excerpt":{"rendered":"<p>El gran arranque de campa\u00f1a con el Real Racing Club en LaLiga Hypermotion, en la que ha anotado siete goles en 13 partidos, le valieron a Jeremy Ar\u00e9valo para ser convocado por primera vez por la selecci\u00f3n absoluta de Ecuador de cara al par\u00f3n internacional de noviembre en el que &#8216;La Tri&#8217; se ha medido [&hellip;]<\/p>\n","protected":false},"author":7,"featured_media":64271,"comment_status":"closed","ping_status":"closed","sticky":false,"template":"","format":"standard","meta":{"footnotes":""},"categories":[594],"tags":[836],"class_list":["post-64268","post","type-post","status-publish","format-standard","has-post-thumbnail","hentry","category-noticia-masculino","tag-jeremy-arevalo"],"_links":{"self":[{"href":"https:\/\/www.emartsoccer.es\/en\/wp-json\/wp\/v2\/posts\/64268","targetHints":{"allow":["GET"]}}],"collection":[{"href":"https:\/\/www.emartsoccer.es\/en\/wp-json\/wp\/v2\/posts"}],"about":[{"href":"https:\/\/www.emartsoccer.es\/en\/wp-json\/wp\/v2\/types\/post"}],"author":[{"embeddable":true,"href":"https:\/\/www.emartsoccer.es\/en\/wp-json\/wp\/v2\/users\/7"}],"replies":[{"embeddable":true,"href":"https:\/\/www.emartsoccer.es\/en\/wp-json\/wp\/v2\/comments?post=64268"}],"version-history":[{"count":2,"href":"https:\/\/www.emartsoccer.es\/en\/wp-json\/wp\/v2\/posts\/64268\/revisions"}],"predecessor-version":[{"id":64274,"href":"https:\/\/www.emartsoccer.es\/en\/wp-json\/wp\/v2\/posts\/64268\/revisions\/64274"}],"wp:featuredmedia":[{"embeddable":true,"href":"https:\/\/www.emartsoccer.es\/en\/wp-json\/wp\/v2\/media\/64271"}],"wp:attachment":[{"href":"https:\/\/www.emartsoccer.es\/en\/wp-json\/wp\/v2\/media?parent=64268"}],"wp:term":[{"taxonomy":"category","embeddable":true,"href":"https:\/\/www.emartsoccer.es\/en\/wp-json\/wp\/v2\/categories?post=64268"},{"taxonomy":"post_tag","embeddable":true,"href":"https:\/\/www.emartsoccer.es\/en\/wp-json\/wp\/v2\/tags?post=64268"}],"curies":[{"name":"wp","href":"https:\/\/api.w.org\/{rel}","templated":true}]}}