{"id":64232,"date":"2025-11-17T19:32:52","date_gmt":"2025-11-17T18:32:52","guid":{"rendered":"https:\/\/www.emartsoccer.es\/?p=64232"},"modified":"2025-11-17T19:32:54","modified_gmt":"2025-11-17T18:32:54","slug":"el-top-3-de-primera-rfef-para-laura-navajas-gema-climent-y-saioa-larumbe-en-esta-jornada-diez","status":"publish","type":"post","link":"https:\/\/www.emartsoccer.es\/en\/el-top-3-de-primera-rfef-para-laura-navajas-gema-climent-y-saioa-larumbe-en-esta-jornada-diez\/","title":{"rendered":"El top-3 de Primera RFEF, para Laura Navajas, Gema Climent y Saioa Larumbe en esta jornada diez"},"content":{"rendered":"\n<p><strong>Laura Navajas, Gema Climent y Saioa Larumbe han sido las jugadoras Emart&amp;Soccer m\u00e1s destacadas de la jornada 10 en Primera RFEF.<\/strong> La primera es muy importante para el <strong>Deportivo Alav\u00e9s<\/strong>, de la misma manera que <strong>Gema Climent<\/strong> para el <strong>Valencia F\u00e9minas CF<\/strong>. Por su parte,<strong> Saioa Larumbe<\/strong> se mantuvo firme en la defensa de<strong> CA Osasuna<\/strong>. <\/p>\n\n\n\n<p><strong>Laura Navajas<\/strong> sigue siendo imprescindible para el<strong> Deportivo Alav\u00e9s<\/strong> desde que se hizo con un sitio en el once. <strong>Su fortaleza f\u00edsica y gran capacidad de resistencia da ritmo a un equipo que venci\u00f3 por dos goles a cero al CE Europa con una nueva diana de nuestra protagonista<\/strong> y el cuadro vasco es l\u00edder con dos puntos de ventaja sobre el <strong>FC Barcelona B<\/strong>, segundo clasificado.<\/p>\n\n\n\n<p>El<strong> Valencia F\u00e9minas CF<\/strong> venci\u00f3 al <strong>Villarreal CF<\/strong> en el derbi (1-0) en un encuentro en el que<strong> Gema Climent volvi\u00f3 a tener una actuaci\u00f3n brillante, sosteniendo a las suyas en todo momento<\/strong> durante un encuentro muy igualado. Tuvo calma, temple y criterio para aguantar a su equipo en los malos momentos.<\/p>\n\n\n\n<p>La zagura de <strong>CDFF Osasuna Femenino Saioa Larumbe se impuso a las delanteras del Real Oviedo en todas y cada una de las acciones,<\/strong> permitiendo una victoria pl\u00e1cida de las rojillas (3-0). Disput\u00f3 un encuentro muy solvente, ganando todos los duelos tanto en el cuerpo a cuerpo como en velocidad.<\/p>\n\n\n<div class=\"wp-block-image\">\n<figure class=\"aligncenter size-large is-resized\"><img fetchpriority=\"high\" decoding=\"async\" width=\"576\" height=\"1024\" src=\"https:\/\/www.emartsoccer.es\/wp-content\/uploads\/2025\/11\/WhatsApp-Image-2025-11-17-at-13.51.17-576x1024.jpeg\" alt=\"\" class=\"wp-image-64235\" style=\"width:258px;height:auto\"\/><\/figure>\n<\/div>","protected":false},"excerpt":{"rendered":"<p>Laura Navajas, Gema Climent y Saioa Larumbe han sido las jugadoras Emart&amp;Soccer m\u00e1s destacadas de la jornada 10 en Primera RFEF. La primera es muy importante para el Deportivo Alav\u00e9s, de la misma manera que Gema Climent para el Valencia F\u00e9minas CF. Por su parte, Saioa Larumbe se mantuvo firme en la defensa de CA [&hellip;]<\/p>\n","protected":false},"author":7,"featured_media":64237,"comment_status":"closed","ping_status":"closed","sticky":false,"template":"","format":"standard","meta":{"footnotes":""},"categories":[593],"tags":[847,867,868],"class_list":["post-64232","post","type-post","status-publish","format-standard","has-post-thumbnail","hentry","category-noticia-femenino","tag-gema-climent","tag-laura-navajas","tag-saioa-larumbe"],"_links":{"self":[{"href":"https:\/\/www.emartsoccer.es\/en\/wp-json\/wp\/v2\/posts\/64232","targetHints":{"allow":["GET"]}}],"collection":[{"href":"https:\/\/www.emartsoccer.es\/en\/wp-json\/wp\/v2\/posts"}],"about":[{"href":"https:\/\/www.emartsoccer.es\/en\/wp-json\/wp\/v2\/types\/post"}],"author":[{"embeddable":true,"href":"https:\/\/www.emartsoccer.es\/en\/wp-json\/wp\/v2\/users\/7"}],"replies":[{"embeddable":true,"href":"https:\/\/www.emartsoccer.es\/en\/wp-json\/wp\/v2\/comments?post=64232"}],"version-history":[{"count":2,"href":"https:\/\/www.emartsoccer.es\/en\/wp-json\/wp\/v2\/posts\/64232\/revisions"}],"predecessor-version":[{"id":64243,"href":"https:\/\/www.emartsoccer.es\/en\/wp-json\/wp\/v2\/posts\/64232\/revisions\/64243"}],"wp:featuredmedia":[{"embeddable":true,"href":"https:\/\/www.emartsoccer.es\/en\/wp-json\/wp\/v2\/media\/64237"}],"wp:attachment":[{"href":"https:\/\/www.emartsoccer.es\/en\/wp-json\/wp\/v2\/media?parent=64232"}],"wp:term":[{"taxonomy":"category","embeddable":true,"href":"https:\/\/www.emartsoccer.es\/en\/wp-json\/wp\/v2\/categories?post=64232"},{"taxonomy":"post_tag","embeddable":true,"href":"https:\/\/www.emartsoccer.es\/en\/wp-json\/wp\/v2\/tags?post=64232"}],"curies":[{"name":"wp","href":"https:\/\/api.w.org\/{rel}","templated":true}]}}