{"id":64223,"date":"2025-11-17T18:08:56","date_gmt":"2025-11-17T17:08:56","guid":{"rendered":"https:\/\/www.emartsoccer.es\/?p=64223"},"modified":"2025-11-17T18:08:57","modified_gmt":"2025-11-17T17:08:57","slug":"carol-herrera-nerea-cuquejo-y-oihana-aguirregomezkorta-top-3-de-la-jornada-diez-en-segunda-rfef","status":"publish","type":"post","link":"https:\/\/www.emartsoccer.es\/en\/carol-herrera-nerea-cuquejo-y-oihana-aguirregomezkorta-top-3-de-la-jornada-diez-en-segunda-rfef\/","title":{"rendered":"Carol Herrera, Nerea Cuquejo y Oihana Aguirregomezkorta, top-3 de la jornada diez en Segunda RFEF"},"content":{"rendered":"\n<p>Suman ya diez jornadas la <strong>Segunda RFEF <\/strong>y<strong> Carol Herrera, Nerea Cuquejo y Oihana Aguirregomezkorta han sido las m\u00e1s destacadas de este fin de semana, formando el top-3 para<\/strong> <strong>Emart&amp;Soccer<\/strong>. La primera tuvo una gran actuaci\u00f3n con el <strong>Levante UD B, Nerea Cuquejo<\/strong> mantiene al <strong>RC Celta<\/strong> com l\u00edder del grupo 1 tras un gran partido y <strong>Oihana Aguirregomezkorta<\/strong> fue importante en el triunfo del <strong>Athletic Club B.<\/strong><\/p>\n\n\n\n<p><strong>Carol Herrera<\/strong> firm\u00f3 un gran partido con el filial del<strong> Levante UD.<\/strong> El cuadro granota gan\u00f3 con claridad al <strong>F\u00fatbolEllas CFF <\/strong>(4-1) y sigue en la zona noble del grupo sur de<strong> Segunda RFEF<\/strong>, concretamente en tercera posici\u00f3n con 23 puntos, a dos del l\u00edder <strong>Zaragoza CFF.<\/strong> <strong>La atacante fue clave en la parcela ofensiva y anot\u00f3 el tercer gol de las locales. <\/strong><\/p>\n\n\n\n<p>El <strong>RC Celta <\/strong>contin\u00faa l\u00edder del grupo norte gracias a la victoria lograda por la m\u00ednima ante el<strong> Real Avil\u00e9s Industrial CF<\/strong>, en un encuentro en el que <strong>Nerea Cuquejo dio la asistencia del \u00fanico gol del encuentro. Cuquejo<\/strong> sigue siendo clave en el conjunto ol\u00edvico, en primera posici\u00f3n con dos puntos de ventaja sobre el filial del <strong>Athletic Club<\/strong>.<\/p>\n\n\n\n<p><strong>Oihana Aguirregomezkorta fue pieza importante en el ataque del Athletic Club B, que venci\u00f3 1-2 al RC Deportivo de la Coru\u00f1a <\/strong>a domicilio. La extremo de 2004 es una futbolista clave en la parcela ofensiva rojiblanca.<\/p>\n\n\n<div class=\"wp-block-image\">\n<figure class=\"aligncenter size-large is-resized\"><img fetchpriority=\"high\" decoding=\"async\" width=\"576\" height=\"1024\" src=\"https:\/\/www.emartsoccer.es\/wp-content\/uploads\/2025\/11\/top_segunda_rfef-576x1024.jpeg\" alt=\"\" class=\"wp-image-64226\" style=\"width:251px;height:auto\"\/><\/figure>\n<\/div>","protected":false},"excerpt":{"rendered":"<p>Suman ya diez jornadas la Segunda RFEF y Carol Herrera, Nerea Cuquejo y Oihana Aguirregomezkorta han sido las m\u00e1s destacadas de este fin de semana, formando el top-3 para Emart&amp;Soccer. La primera tuvo una gran actuaci\u00f3n con el Levante UD B, Nerea Cuquejo mantiene al RC Celta com l\u00edder del grupo 1 tras un gran [&hellip;]<\/p>\n","protected":false},"author":7,"featured_media":64229,"comment_status":"closed","ping_status":"closed","sticky":false,"template":"","format":"standard","meta":{"footnotes":""},"categories":[593],"tags":[845,849,886],"class_list":["post-64223","post","type-post","status-publish","format-standard","has-post-thumbnail","hentry","category-noticia-femenino","tag-carol-herrera","tag-nerea-cuquejo","tag-oihana-aguirregomezkorta"],"_links":{"self":[{"href":"https:\/\/www.emartsoccer.es\/en\/wp-json\/wp\/v2\/posts\/64223","targetHints":{"allow":["GET"]}}],"collection":[{"href":"https:\/\/www.emartsoccer.es\/en\/wp-json\/wp\/v2\/posts"}],"about":[{"href":"https:\/\/www.emartsoccer.es\/en\/wp-json\/wp\/v2\/types\/post"}],"author":[{"embeddable":true,"href":"https:\/\/www.emartsoccer.es\/en\/wp-json\/wp\/v2\/users\/7"}],"replies":[{"embeddable":true,"href":"https:\/\/www.emartsoccer.es\/en\/wp-json\/wp\/v2\/comments?post=64223"}],"version-history":[{"count":2,"href":"https:\/\/www.emartsoccer.es\/en\/wp-json\/wp\/v2\/posts\/64223\/revisions"}],"predecessor-version":[{"id":64231,"href":"https:\/\/www.emartsoccer.es\/en\/wp-json\/wp\/v2\/posts\/64223\/revisions\/64231"}],"wp:featuredmedia":[{"embeddable":true,"href":"https:\/\/www.emartsoccer.es\/en\/wp-json\/wp\/v2\/media\/64229"}],"wp:attachment":[{"href":"https:\/\/www.emartsoccer.es\/en\/wp-json\/wp\/v2\/media?parent=64223"}],"wp:term":[{"taxonomy":"category","embeddable":true,"href":"https:\/\/www.emartsoccer.es\/en\/wp-json\/wp\/v2\/categories?post=64223"},{"taxonomy":"post_tag","embeddable":true,"href":"https:\/\/www.emartsoccer.es\/en\/wp-json\/wp\/v2\/tags?post=64223"}],"curies":[{"name":"wp","href":"https:\/\/api.w.org\/{rel}","templated":true}]}}