{"id":64216,"date":"2025-11-17T11:27:22","date_gmt":"2025-11-17T10:27:22","guid":{"rendered":"https:\/\/www.emartsoccer.es\/?p=64216"},"modified":"2025-11-17T11:27:23","modified_gmt":"2025-11-17T10:27:23","slug":"david-vicente-un-lateral-con-mucho-recorrido","status":"publish","type":"post","link":"https:\/\/www.emartsoccer.es\/en\/david-vicente-un-lateral-con-mucho-recorrido\/","title":{"rendered":"David Vicente, un lateral con mucho recorrido"},"content":{"rendered":"\n<p>Con 26 a\u00f1os,<strong> David Vicente<\/strong> se encuentra en la flor de su carrera. Tras formarse en el <strong>Real Zaragoza<\/strong>, probar suerte en el filial de <strong>UD Las Palmas<\/strong> y tocar por primera vez la<strong> Primera RFEF<\/strong> con <strong>Unionistas CF<\/strong>, el lateral diestro tuvo su merecida oportunidad en<strong> LaLiga Hypermotion <\/strong>de la mano del<strong> CD Mirand\u00e9s<\/strong>, pero una grave lesi\u00f3n en el menisco de su rodilla derecha le cort\u00f3 la progresi\u00f3n. Ya recuperado, <strong>el pasado curso firm\u00f3 por un Real Murcia con el que estuvo muy cerca del ascenso en una gran campa\u00f1a tanto a nivel colectivo como individual, siendo uno de los mejores, sino el mejor, lateral de toda la Primera RFEF. <\/strong>En su segunda temporada como pimentonero quiere seguir los pasos del curso anterior e incluso mejorarlos.<\/p>\n\n\n\n<p>Pese a un peque\u00f1o contratiempo en forma de molestia que lo ha mantenido un mes de baja,<strong> David Vicente <\/strong>ya <strong>se encuentra al cien por cien desde hace dos jornadas y esta \u00faltima tuvo minutos, en el empate sin goles del Real Murcia frente al CD Teruel, duelo disputado en el Estadio Enrique Ro<\/strong>ca. Lo cursioso es que el defensa aragon\u00e9s jug\u00f3 a banda cambiada, en el lateral zurdo.<\/p>\n\n\n\n<p><strong>David Vicente<\/strong>, luchador nato y jugador de equipo, tiene muy claro su objetivo: llevar al <strong>Real Murcia<\/strong> a <strong>LaLiga Hypermotion<\/strong>, conseguir ese ascenso que la pasada temporada se escap\u00f3. <strong>Tras ser una pieza clave en el conjunto pimentonero al disputar 2.952 minutos repartidos en 39 partidos<\/strong>, el aragon\u00e9s quiere seguir con su buen hacer para aportar su granito de arena con tal de que su equipo logre su deseo.<\/p>\n\n\n\n<p>La buena temporada de <strong>David Vicente<\/strong> hizo que varios equipos se interesaran en sus servicios, pero el ma\u00f1o decidi\u00f3 quedarse en <strong>Murcia<\/strong>.<strong> Lateral muy completo tanto a nivel ofensivo como defensivo, su regularidad le hace ser importante en el equipo, aunque en lo que m\u00e1s destaca es en la proyecci\u00f3n en ataque y en sus centros al \u00e1rea desde cualquier punto de la banda.<\/strong> Ello fue aprovechado el pasado curso, as\u00ed como su gran recorrido, por un <strong>Real Murcia<\/strong> que durante gran parte del curso jug\u00f3 con defensa de tres y carrileros largos, siendo <strong>David Vicente <\/strong>un peligro constante para la zaga rival en banda derecha.<\/p>\n\n\n\n<p>Con mucho f\u00fatbol por delante y muchos objetivos por cumplir, <strong>David Vicente<\/strong> ha vuelto tras sus molestias con el hambre que le caracteriza. <strong>El lateral quiere volver a brillar y seguir dando pasos en una carrera a la que todav\u00eda le quedan muchas alegr\u00edas<\/strong>. Como reza el titular, <strong>David Vicente<\/strong> tiene mucho recorrido&#8230; Por delante.<\/p>\n","protected":false},"excerpt":{"rendered":"<p>Con 26 a\u00f1os, David Vicente se encuentra en la flor de su carrera. Tras formarse en el Real Zaragoza, probar suerte en el filial de UD Las Palmas y tocar por primera vez la Primera RFEF con Unionistas CF, el lateral diestro tuvo su merecida oportunidad en LaLiga Hypermotion de la mano del CD Mirand\u00e9s, [&hellip;]<\/p>\n","protected":false},"author":7,"featured_media":64220,"comment_status":"closed","ping_status":"closed","sticky":false,"template":"","format":"standard","meta":{"footnotes":""},"categories":[594],"tags":[885],"class_list":["post-64216","post","type-post","status-publish","format-standard","has-post-thumbnail","hentry","category-noticia-masculino","tag-daviv-vicente"],"_links":{"self":[{"href":"https:\/\/www.emartsoccer.es\/en\/wp-json\/wp\/v2\/posts\/64216","targetHints":{"allow":["GET"]}}],"collection":[{"href":"https:\/\/www.emartsoccer.es\/en\/wp-json\/wp\/v2\/posts"}],"about":[{"href":"https:\/\/www.emartsoccer.es\/en\/wp-json\/wp\/v2\/types\/post"}],"author":[{"embeddable":true,"href":"https:\/\/www.emartsoccer.es\/en\/wp-json\/wp\/v2\/users\/7"}],"replies":[{"embeddable":true,"href":"https:\/\/www.emartsoccer.es\/en\/wp-json\/wp\/v2\/comments?post=64216"}],"version-history":[{"count":1,"href":"https:\/\/www.emartsoccer.es\/en\/wp-json\/wp\/v2\/posts\/64216\/revisions"}],"predecessor-version":[{"id":64222,"href":"https:\/\/www.emartsoccer.es\/en\/wp-json\/wp\/v2\/posts\/64216\/revisions\/64222"}],"wp:featuredmedia":[{"embeddable":true,"href":"https:\/\/www.emartsoccer.es\/en\/wp-json\/wp\/v2\/media\/64220"}],"wp:attachment":[{"href":"https:\/\/www.emartsoccer.es\/en\/wp-json\/wp\/v2\/media?parent=64216"}],"wp:term":[{"taxonomy":"category","embeddable":true,"href":"https:\/\/www.emartsoccer.es\/en\/wp-json\/wp\/v2\/categories?post=64216"},{"taxonomy":"post_tag","embeddable":true,"href":"https:\/\/www.emartsoccer.es\/en\/wp-json\/wp\/v2\/tags?post=64216"}],"curies":[{"name":"wp","href":"https:\/\/api.w.org\/{rel}","templated":true}]}}