{"id":64150,"date":"2025-11-11T13:41:11","date_gmt":"2025-11-11T12:41:11","guid":{"rendered":"https:\/\/www.emartsoccer.es\/?p=64150"},"modified":"2025-11-11T13:41:13","modified_gmt":"2025-11-11T12:41:13","slug":"marta-charle-saioa-larumbe-y-laura-navajas-claves-para-sus-equipos-y-directas-al-top-3-de-la-jornada-9-en-primera-rfef","status":"publish","type":"post","link":"https:\/\/www.emartsoccer.es\/en\/marta-charle-saioa-larumbe-y-laura-navajas-claves-para-sus-equipos-y-directas-al-top-3-de-la-jornada-9-en-primera-rfef\/","title":{"rendered":"Marta Charle, Saioa Larumbe y Laura Navajas, claves para sus equipos y directas al top-3 de la jornada 9 en Primera RFEF"},"content":{"rendered":"\n<p>El top-3 de la jornada 9 en <strong>Primera RFEF<\/strong> es <strong>para Marta Charle, del SE AEM; Saioa Larumbe, del CDFF Osasuna Femenino<\/strong>; y<strong> <strong>Laura Navajas<\/strong><\/strong>, del<strong><strong> Deportivo Alav\u00e9s<\/strong><\/strong>. Las tres fueron absolutamente clave para los buenos resultados a domicilio de sus respectivos conjuntos.<\/p>\n\n\n\n<p><strong>Marta Charle<\/strong> fue clave para que el <strong>SE AEM<\/strong> leridano rescatase un punto en el terreno de juego del <strong>CD Alba FF<\/strong> (1-1). Sali\u00f3 al verde desde el banquillo con la clara misi\u00f3n de dar la vuelta al marcador y <strong>estuvo muy incisiva en todo momento, pisando \u00e1rea en multitud de ocasiones y sacando muy buenos centros<\/strong>. Uno de ellos acab\u00f3 siendo el empate para las suyas.<\/p>\n\n\n\n<p><strong>CDFF Osasuna Femenino<\/strong> logr\u00f3 un punto muy valioso en el feudo del <strong>Club Atl\u00e9tico de Madrid B<\/strong> (1-1) en un partido en el que <strong>Saioa Larumbe fue clave en la defensa rojilla para lograr un empate en uno de los terrenos de juego m\u00e1s complicados de toda la Primera RFEF<\/strong>. Estuvo concentrada durante todo el encuentro y fue dura, sin excederse, siempre que fue necesario. El alma del conjunto navarro.<\/p>\n\n\n\n<p>El <strong>Deportivo Alav\u00e9s<\/strong> venci\u00f3 por la m\u00ednima en el feudo del <strong>Real Oviedo<\/strong> (0-1) con un aut\u00e9ntico golazo de una <strong>Laura Navajas<\/strong> que est\u00e1 muy en forma. Estuvo muy intensa ante el cuadro carbay\u00f3n y<strong> firm\u00f3 una gran diana con una vaselina tras tirar un ca\u00f1o, un tanto que vali\u00f3 tres puntos.<\/strong><\/p>\n\n\n<div class=\"wp-block-image\">\n<figure class=\"aligncenter size-large is-resized\"><img fetchpriority=\"high\" decoding=\"async\" width=\"576\" height=\"1024\" src=\"https:\/\/www.emartsoccer.es\/wp-content\/uploads\/2025\/11\/Primera_RFEF-576x1024.jpg\" alt=\"\" class=\"wp-image-64169\" style=\"width:218px;height:auto\"\/><\/figure>\n<\/div>","protected":false},"excerpt":{"rendered":"<p>El top-3 de la jornada 9 en Primera RFEF es para Marta Charle, del SE AEM; Saioa Larumbe, del CDFF Osasuna Femenino; y Laura Navajas, del Deportivo Alav\u00e9s. Las tres fueron absolutamente clave para los buenos resultados a domicilio de sus respectivos conjuntos. Marta Charle fue clave para que el SE AEM leridano rescatase un [&hellip;]<\/p>\n","protected":false},"author":7,"featured_media":64167,"comment_status":"closed","ping_status":"closed","sticky":false,"template":"","format":"standard","meta":{"footnotes":""},"categories":[593],"tags":[867,882,883,868],"class_list":["post-64150","post","type-post","status-publish","format-standard","has-post-thumbnail","hentry","category-noticia-femenino","tag-laura-navajas","tag-marta-charle","tag-saioa-laru","tag-saioa-larumbe"],"_links":{"self":[{"href":"https:\/\/www.emartsoccer.es\/en\/wp-json\/wp\/v2\/posts\/64150","targetHints":{"allow":["GET"]}}],"collection":[{"href":"https:\/\/www.emartsoccer.es\/en\/wp-json\/wp\/v2\/posts"}],"about":[{"href":"https:\/\/www.emartsoccer.es\/en\/wp-json\/wp\/v2\/types\/post"}],"author":[{"embeddable":true,"href":"https:\/\/www.emartsoccer.es\/en\/wp-json\/wp\/v2\/users\/7"}],"replies":[{"embeddable":true,"href":"https:\/\/www.emartsoccer.es\/en\/wp-json\/wp\/v2\/comments?post=64150"}],"version-history":[{"count":2,"href":"https:\/\/www.emartsoccer.es\/en\/wp-json\/wp\/v2\/posts\/64150\/revisions"}],"predecessor-version":[{"id":64171,"href":"https:\/\/www.emartsoccer.es\/en\/wp-json\/wp\/v2\/posts\/64150\/revisions\/64171"}],"wp:featuredmedia":[{"embeddable":true,"href":"https:\/\/www.emartsoccer.es\/en\/wp-json\/wp\/v2\/media\/64167"}],"wp:attachment":[{"href":"https:\/\/www.emartsoccer.es\/en\/wp-json\/wp\/v2\/media?parent=64150"}],"wp:term":[{"taxonomy":"category","embeddable":true,"href":"https:\/\/www.emartsoccer.es\/en\/wp-json\/wp\/v2\/categories?post=64150"},{"taxonomy":"post_tag","embeddable":true,"href":"https:\/\/www.emartsoccer.es\/en\/wp-json\/wp\/v2\/tags?post=64150"}],"curies":[{"name":"wp","href":"https:\/\/api.w.org\/{rel}","templated":true}]}}