{"id":64141,"date":"2025-11-07T15:40:43","date_gmt":"2025-11-07T14:40:43","guid":{"rendered":"https:\/\/www.emartsoccer.es\/?p=64141"},"modified":"2025-11-07T15:40:49","modified_gmt":"2025-11-07T14:40:49","slug":"la-casa-de-aragon-en-la-rioja-homenajea-a-sergio-gil","status":"publish","type":"post","link":"https:\/\/www.emartsoccer.es\/en\/la-casa-de-aragon-en-la-rioja-homenajea-a-sergio-gil\/","title":{"rendered":"La casa de Arag\u00f3n en La Rioja homenajea a Sergio Gil"},"content":{"rendered":"\n<p>Qu\u00e9 importante es estar bien rodeado cuando est\u00e1s lejos de casa. Eso es algo que bien sabe el jugador de la <strong>SD Logro\u00f1\u00e9s Sergio Gil, que recibi\u00f3 el homenaje de la casa de Arag\u00f3n en La Rioja, situada en Logro\u00f1o<\/strong>. El mediapunta aragon\u00e9s, nacido en<strong> Zaragoza<\/strong>, fue arropado por sus conciudadanos en un bonito acto.<\/p>\n\n\n\n<p>&#8220;Ten\u00eda muchas ganas de ir y me sent\u00ed como en casa&#8221;, ha asegurado para su agencia de representaci\u00f3n, <strong>Emart&amp;Soccer, Sergio Gil<\/strong>. El futbolista de la <strong>SD Logro\u00f1\u00e9s<\/strong> acudi\u00f3 acompa\u00f1ado de su pareja y unos amigos y todos quedaron encantados con un acto que se celebr\u00f3 en petit comit\u00e9. &#8220;Se portaron muy bien en todo momento, siempre es un gusto acudir a lugares en los que te hacen sentir tan bien&#8221;, recalc\u00f3 el jugador, canterano del<strong> Real Zaragoza<\/strong> que cumple su segunda campa\u00f1a en su actual equipo tras haber pasado por <strong>CD Lugo, UD Extremadura, UE Costa Brava, CD Calahorra<\/strong> y<strong> CD Alcoyano<\/strong>.<\/p>\n\n\n\n<p>Al acto acudieron <strong>Antonio Hidalgo<\/strong>, exjugador del <strong>Real Zaragoza<\/strong> y presidente honor\u00edfico de la <strong>Asociaci\u00f3n de Directores Deportivos de Espa\u00f1a<\/strong>, un hist\u00f3rico que es un asiduo a la casa de <strong>Arag\u00f3n<\/strong> (afincado en<strong> Logro\u00f1o<\/strong> pero nacido en<strong> Alfajar\u00edn<\/strong>) y en representaci\u00f3n de <strong>Emart&amp;Soccer<\/strong> nuestro<strong> CEO<\/strong>, <strong>Eduardo Llanos<\/strong>, y su hijo, <strong>Eduardo Llanos Jr<\/strong>. Un \u00edntimo pero cari\u00f1oso reconocimiento a un futbolista que, tras muchos a\u00f1os lejos de casa, se sinti\u00f3 durante unas horas de nuevo en su<strong> Zaragoza <\/strong>natal. Incluso recibi\u00f3 por parte de la casa de <strong>Arag\u00f3n<\/strong> el t\u00edpico cachirulo y varias botellas de vino, adem\u00e1s del cari\u00f1o de todos los presentes.<\/p>\n\n\n\n<p>Por su parte, un <strong>Sergio Gil<\/strong> que <strong>suma dos goles y tres asistencias en nueve partidos esta campa\u00f1a y que mantiene a la SD Logro\u00f1\u00e9s en quinta posici\u00f3n del grupo 2 de Segunda RFEF<\/strong> cedi\u00f3 a la casa de <strong>Arag\u00f3n <\/strong>en<strong> La Rioja<\/strong> una camiseta de esta temporada del equipo que defiende.<\/p>\n\n\n<div class=\"wp-block-image\">\n<figure class=\"aligncenter size-large is-resized\"><img fetchpriority=\"high\" decoding=\"async\" width=\"576\" height=\"1024\" src=\"https:\/\/www.emartsoccer.es\/wp-content\/uploads\/2025\/11\/Sergio_Gil-576x1024.jpeg\" alt=\"\" class=\"wp-image-64146\" style=\"width:218px;height:auto\"\/><\/figure>\n<\/div>","protected":false},"excerpt":{"rendered":"<p>Qu\u00e9 importante es estar bien rodeado cuando est\u00e1s lejos de casa. Eso es algo que bien sabe el jugador de la SD Logro\u00f1\u00e9s Sergio Gil, que recibi\u00f3 el homenaje de la casa de Arag\u00f3n en La Rioja, situada en Logro\u00f1o. El mediapunta aragon\u00e9s, nacido en Zaragoza, fue arropado por sus conciudadanos en un bonito acto. [&hellip;]<\/p>\n","protected":false},"author":7,"featured_media":64144,"comment_status":"closed","ping_status":"closed","sticky":false,"template":"","format":"standard","meta":{"footnotes":""},"categories":[594],"tags":[881],"class_list":["post-64141","post","type-post","status-publish","format-standard","has-post-thumbnail","hentry","category-noticia-masculino","tag-sergio-gil"],"_links":{"self":[{"href":"https:\/\/www.emartsoccer.es\/en\/wp-json\/wp\/v2\/posts\/64141","targetHints":{"allow":["GET"]}}],"collection":[{"href":"https:\/\/www.emartsoccer.es\/en\/wp-json\/wp\/v2\/posts"}],"about":[{"href":"https:\/\/www.emartsoccer.es\/en\/wp-json\/wp\/v2\/types\/post"}],"author":[{"embeddable":true,"href":"https:\/\/www.emartsoccer.es\/en\/wp-json\/wp\/v2\/users\/7"}],"replies":[{"embeddable":true,"href":"https:\/\/www.emartsoccer.es\/en\/wp-json\/wp\/v2\/comments?post=64141"}],"version-history":[{"count":1,"href":"https:\/\/www.emartsoccer.es\/en\/wp-json\/wp\/v2\/posts\/64141\/revisions"}],"predecessor-version":[{"id":64148,"href":"https:\/\/www.emartsoccer.es\/en\/wp-json\/wp\/v2\/posts\/64141\/revisions\/64148"}],"wp:featuredmedia":[{"embeddable":true,"href":"https:\/\/www.emartsoccer.es\/en\/wp-json\/wp\/v2\/media\/64144"}],"wp:attachment":[{"href":"https:\/\/www.emartsoccer.es\/en\/wp-json\/wp\/v2\/media?parent=64141"}],"wp:term":[{"taxonomy":"category","embeddable":true,"href":"https:\/\/www.emartsoccer.es\/en\/wp-json\/wp\/v2\/categories?post=64141"},{"taxonomy":"post_tag","embeddable":true,"href":"https:\/\/www.emartsoccer.es\/en\/wp-json\/wp\/v2\/tags?post=64141"}],"curies":[{"name":"wp","href":"https:\/\/api.w.org\/{rel}","templated":true}]}}