{"id":64106,"date":"2025-11-04T12:16:52","date_gmt":"2025-11-04T11:16:52","guid":{"rendered":"https:\/\/www.emartsoccer.es\/?p=64106"},"modified":"2025-11-04T12:16:54","modified_gmt":"2025-11-04T11:16:54","slug":"oscar-cano-coge-las-riendas-del-zamora-cf","status":"publish","type":"post","link":"https:\/\/www.emartsoccer.es\/en\/oscar-cano-coge-las-riendas-del-zamora-cf\/","title":{"rendered":"\u00d3scar Cano coge las riendas del Zamora CF"},"content":{"rendered":"\n<p>Buenas noticias en clave de entrenadores para<strong> Emart&amp;Soccer. \u00d3scar Cano<\/strong>, que estaba sin equipo despu\u00e9s de una aventura en <strong>China<\/strong> el pasado curso como t\u00e9cnico asistente del<strong> Zheijang FC<\/strong>,<strong> se convierte en nuevo entrenador del Zamora CF, duod\u00e9cimo clasificado del grupo 1 de Primera RFEF.<\/strong> El entrenador granadino coge las riendas del equipo en sustituci\u00f3n de <strong>Juan Sabas.<\/strong><\/p>\n\n\n\n<p>En el<strong> Zamora CF, \u00d3scar Cano<\/strong> se encontrar\u00e1 con varios futbolistas representados por <strong>Emart&amp;Soccer<\/strong> como <strong>Adri\u00e1n Pereda, Erik Ruiz, Pablo Claver\u00eda <\/strong>y la \u00faltima incorporaci\u00f3n de la empresa, <strong>Miki Codina<\/strong>. Con tan solo 11 jornadas disputadas, <strong>Cano<\/strong> tiene margen para mejorar la situaci\u00f3n y aljar al equipo de la zona de descenso; ahora est\u00e1 solo un punto por encima.<\/p>\n\n\n\n<p><strong>\u00d3scar Cano, entrenador con una dilatada trayectoria en el f\u00fatbol espa\u00f1ol, vuelve a los banquillos despu\u00e9s de unos meses de inactividad tras su salida del Zheijang FC chino<\/strong>. Anteriormente, el andaluz dirigi\u00f3 a <strong>CD Tenerife<\/strong> (2024-25),<strong> CE Sabadell<\/strong> (2023-24),<strong> RC Deportivo de la Coru\u00f1a<\/strong> (2022-23), <strong>CD Badajoz <\/strong>(2021-22), <strong>CD Castell\u00f3n<\/strong> (2018-21), <strong>CD Alcoyano<\/strong> (2014-15),<strong> Real Betis B<\/strong> (2012-13), <strong>UD Melilla<\/strong> (2011-12), <strong>UD Salamanca<\/strong> (2010-11),<strong> Polideportivo Ejido <\/strong>(2009-10), <strong>Granada CF <\/strong>(2007-09) y <strong>CD Baza<\/strong> (2006-07). \u00a1Felicidades, <strong>\u00d3scar<\/strong>, por tu regreso a los banquillos! \u00a1A trabajar y cumplir todos los objetivos!<\/p>\n","protected":false},"excerpt":{"rendered":"<p>Buenas noticias en clave de entrenadores para Emart&amp;Soccer. \u00d3scar Cano, que estaba sin equipo despu\u00e9s de una aventura en China el pasado curso como t\u00e9cnico asistente del Zheijang FC, se convierte en nuevo entrenador del Zamora CF, duod\u00e9cimo clasificado del grupo 1 de Primera RFEF. El entrenador granadino coge las riendas del equipo en sustituci\u00f3n [&hellip;]<\/p>\n","protected":false},"author":7,"featured_media":64116,"comment_status":"closed","ping_status":"closed","sticky":false,"template":"","format":"standard","meta":{"footnotes":""},"categories":[594],"tags":[880],"class_list":["post-64106","post","type-post","status-publish","format-standard","has-post-thumbnail","hentry","category-noticia-masculino","tag-oscar-cano"],"_links":{"self":[{"href":"https:\/\/www.emartsoccer.es\/en\/wp-json\/wp\/v2\/posts\/64106","targetHints":{"allow":["GET"]}}],"collection":[{"href":"https:\/\/www.emartsoccer.es\/en\/wp-json\/wp\/v2\/posts"}],"about":[{"href":"https:\/\/www.emartsoccer.es\/en\/wp-json\/wp\/v2\/types\/post"}],"author":[{"embeddable":true,"href":"https:\/\/www.emartsoccer.es\/en\/wp-json\/wp\/v2\/users\/7"}],"replies":[{"embeddable":true,"href":"https:\/\/www.emartsoccer.es\/en\/wp-json\/wp\/v2\/comments?post=64106"}],"version-history":[{"count":1,"href":"https:\/\/www.emartsoccer.es\/en\/wp-json\/wp\/v2\/posts\/64106\/revisions"}],"predecessor-version":[{"id":64109,"href":"https:\/\/www.emartsoccer.es\/en\/wp-json\/wp\/v2\/posts\/64106\/revisions\/64109"}],"wp:featuredmedia":[{"embeddable":true,"href":"https:\/\/www.emartsoccer.es\/en\/wp-json\/wp\/v2\/media\/64116"}],"wp:attachment":[{"href":"https:\/\/www.emartsoccer.es\/en\/wp-json\/wp\/v2\/media?parent=64106"}],"wp:term":[{"taxonomy":"category","embeddable":true,"href":"https:\/\/www.emartsoccer.es\/en\/wp-json\/wp\/v2\/categories?post=64106"},{"taxonomy":"post_tag","embeddable":true,"href":"https:\/\/www.emartsoccer.es\/en\/wp-json\/wp\/v2\/tags?post=64106"}],"curies":[{"name":"wp","href":"https:\/\/api.w.org\/{rel}","templated":true}]}}