{"id":64102,"date":"2025-11-04T16:07:11","date_gmt":"2025-11-04T15:07:11","guid":{"rendered":"https:\/\/www.emartsoccer.es\/?p=64102"},"modified":"2025-11-04T16:07:13","modified_gmt":"2025-11-04T15:07:13","slug":"el-top-3-de-segunda-rfef-en-la-jornada-ocho-es-para-daniela-garcia-tati-barcia-y-karolina-sarasua","status":"publish","type":"post","link":"https:\/\/www.emartsoccer.es\/en\/el-top-3-de-segunda-rfef-en-la-jornada-ocho-es-para-daniela-garcia-tati-barcia-y-karolina-sarasua\/","title":{"rendered":"El top-3 de Segunda RFEF en la jornada ocho es para Daniela Garc\u00eda, Tati Barcia y Karolina Sarasua"},"content":{"rendered":"\n<p><strong>Daniela Garc\u00eda,  Tati Barcia y <strong>Karolina Sarasua <\/strong>son las jugadoras m\u00e1s destacadas de la octava jornada de Segunda RFEF y es por ello que conformar el top-3. <\/strong>La primera marc\u00f3 en el triunfo del<strong> Club Atl\u00e9tico de Madrid B<\/strong>; <strong>Tati Barcia<\/strong> control\u00f3 el centro del campo de un <strong>RC Celta de Vigo<\/strong> que se sit\u00faa l\u00edder del <strong>Grupo 1<\/strong>; y <strong>Karolina Sarasua<\/strong> fue importante en la victoria de la<strong> SD Eibar B<\/strong>.<\/p>\n\n\n\n<p>La primera de ellas, <strong>Daniela Garc\u00eda, anot\u00f3 un golazo para adelantar al Club Atl\u00e9tico de Madrid B frente al Real Sporting de Gij\u00f3n<\/strong>, en un encuentro en el que las rojiblancas se acabar\u00edan imponiendo por un c\u00f3modo 3-0. La mediapunta llev\u00f3 el ritmo del juego de su equipo y puso la guinda a su gran actuaci\u00f3n asistiendo desde el c\u00f3rner en el tercer y definitivo tanto.<\/p>\n\n\n\n<p><strong>Tati Barcia<\/strong> destac\u00f3 en el centro del campo del <strong>RC Celta<\/strong> durante el triunfo celeste contra la <strong>Real Sociedad B. Barcia domina la medular ol\u00edvica y su actuaci\u00f3n jornada s\u00ed y jornada tambi\u00e9n es clave para que su equipo se sit\u00fae como l\u00edder en solitario del Grupo 1 de Segunda RFEF.<\/strong><\/p>\n\n\n\n<p>A pesar de no ver puerta en la clara victoria (0-4) del<strong> SD EIbar B<\/strong> en el feudo del filial del<strong> RC Deportivo de La Coru\u00f1a, Karolina Sarasua tuvo una actuaci\u00f3n destacada en el ataque armero y lo intent\u00f3 de todas las maneras.<\/strong> Es pieza clave en su equipo.<\/p>\n\n\n<div class=\"wp-block-image\">\n<figure class=\"aligncenter size-large is-resized\"><img fetchpriority=\"high\" decoding=\"async\" width=\"576\" height=\"1024\" src=\"https:\/\/www.emartsoccer.es\/wp-content\/uploads\/2025\/11\/Segunda_RFEF-576x1024.jpeg\" alt=\"\" class=\"wp-image-64129\" style=\"width:228px;height:auto\"\/><\/figure>\n<\/div>","protected":false},"excerpt":{"rendered":"<p>Daniela Garc\u00eda, Tati Barcia y Karolina Sarasua son las jugadoras m\u00e1s destacadas de la octava jornada de Segunda RFEF y es por ello que conformar el top-3. La primera marc\u00f3 en el triunfo del Club Atl\u00e9tico de Madrid B; Tati Barcia control\u00f3 el centro del campo de un RC Celta de Vigo que se sit\u00faa [&hellip;]<\/p>\n","protected":false},"author":7,"featured_media":64131,"comment_status":"closed","ping_status":"closed","sticky":false,"template":"","format":"standard","meta":{"footnotes":""},"categories":[593],"tags":[879,869,841],"class_list":["post-64102","post","type-post","status-publish","format-standard","has-post-thumbnail","hentry","category-noticia-femenino","tag-daniela-garcia","tag-karolina-sarasua","tag-tati-barcia"],"_links":{"self":[{"href":"https:\/\/www.emartsoccer.es\/en\/wp-json\/wp\/v2\/posts\/64102","targetHints":{"allow":["GET"]}}],"collection":[{"href":"https:\/\/www.emartsoccer.es\/en\/wp-json\/wp\/v2\/posts"}],"about":[{"href":"https:\/\/www.emartsoccer.es\/en\/wp-json\/wp\/v2\/types\/post"}],"author":[{"embeddable":true,"href":"https:\/\/www.emartsoccer.es\/en\/wp-json\/wp\/v2\/users\/7"}],"replies":[{"embeddable":true,"href":"https:\/\/www.emartsoccer.es\/en\/wp-json\/wp\/v2\/comments?post=64102"}],"version-history":[{"count":2,"href":"https:\/\/www.emartsoccer.es\/en\/wp-json\/wp\/v2\/posts\/64102\/revisions"}],"predecessor-version":[{"id":64133,"href":"https:\/\/www.emartsoccer.es\/en\/wp-json\/wp\/v2\/posts\/64102\/revisions\/64133"}],"wp:featuredmedia":[{"embeddable":true,"href":"https:\/\/www.emartsoccer.es\/en\/wp-json\/wp\/v2\/media\/64131"}],"wp:attachment":[{"href":"https:\/\/www.emartsoccer.es\/en\/wp-json\/wp\/v2\/media?parent=64102"}],"wp:term":[{"taxonomy":"category","embeddable":true,"href":"https:\/\/www.emartsoccer.es\/en\/wp-json\/wp\/v2\/categories?post=64102"},{"taxonomy":"post_tag","embeddable":true,"href":"https:\/\/www.emartsoccer.es\/en\/wp-json\/wp\/v2\/tags?post=64102"}],"curies":[{"name":"wp","href":"https:\/\/api.w.org\/{rel}","templated":true}]}}