{"id":64098,"date":"2025-11-04T15:58:38","date_gmt":"2025-11-04T14:58:38","guid":{"rendered":"https:\/\/www.emartsoccer.es\/?p=64098"},"modified":"2025-11-04T15:58:40","modified_gmt":"2025-11-04T14:58:40","slug":"la-asistencia-de-adriana-parada-el-regreso-de-martina-gonzalez-y-el-liderazgo-de-gema-climent-les-hacen-estar-en-el-top-3-de-primera-rfef","status":"publish","type":"post","link":"https:\/\/www.emartsoccer.es\/en\/la-asistencia-de-adriana-parada-el-regreso-de-martina-gonzalez-y-el-liderazgo-de-gema-climent-les-hacen-estar-en-el-top-3-de-primera-rfef\/","title":{"rendered":"La asistencia de Adriana Parada, el regreso de Martina Gonz\u00e1lez y el liderazgo de Gema Climent les hacen estar en el top-3 de Primera RFEF"},"content":{"rendered":"\n<p>La octava jornada de <strong>Primera RFEF<\/strong> ha tenido como protagonistas para<strong> Emart&amp;Soccer<\/strong> a <strong>Adriana Parada<\/strong>, que est\u00e1 en un gran momento en este arranque de campa\u00f1a; <strong>Martina Gonz\u00e1lez, que regreso a la titularidad del FC Barclona B tras meses de recuperaci\u00f3n;<\/strong> y <strong>Gema Climent<\/strong>, aut\u00e9ntica l\u00edder del <strong>Valencia F\u00e9minas<\/strong>.<\/p>\n\n\n\n<p><strong>Adriana Parada<\/strong>, una de las jugadoras m\u00e1s j\u00f3venes de<strong> CDFF Osasuna Femenino<\/strong>, sigue en plena forma en este inicio de curso. La extremo, que actu\u00f3 por ambas bandas, <strong>fue un quebradero de cabeza para la zaga del CE Europa, amenazando continuamente con peligrosos centros y disparos con muy mala intenci\u00f3n<\/strong>. Asisti\u00f3 en el primer gol de las rojillas en el triunfo del equipo (4-1).<\/p>\n\n\n\n<p><strong>La gran noticia de la jornada fue sin duda el regreso al once del FC Barcelona B de Martina Gonz\u00e1lez, que volvi\u00f3 a ser de la partida tras superar una grave lesi\u00f3n y sus consiguientes meses de recuperaci\u00f3n. <\/strong>La joven futbolista, una de las perlas de la entidad azulgrana, firm\u00f3 una gran actuaci\u00f3n tanto en defensa como en ataque en el triunfo contra el <strong>Real Oviedo <\/strong>(4-1) y demostr\u00f3 estar totalmente recuperada.<\/p>\n\n\n\n<p>Tambi\u00e9n ha comenzado el curso a un nivel estratosf\u00e9rico <strong>Gema Climent<\/strong>, que es el aut\u00e9ntico motor del <strong>Valencia F\u00e9minas<\/strong>. <strong>Volvi\u00f3 a mostrar desde la medular que es la l\u00edder del equipo che y con su criterio con el bal\u00f3n en los pies y su saber estar cuando el rival ten\u00eda la pelota gui\u00f3 a las suyas a la victoria ante el CD Alba FF (2-0).<\/strong><\/p>\n\n\n<div class=\"wp-block-image\">\n<figure class=\"aligncenter size-large is-resized\"><img fetchpriority=\"high\" decoding=\"async\" width=\"576\" height=\"1024\" src=\"https:\/\/www.emartsoccer.es\/wp-content\/uploads\/2025\/11\/Primera_RFEF-576x1024.jpeg\" alt=\"\" class=\"wp-image-64124\" style=\"width:246px;height:auto\"\/><\/figure>\n<\/div>","protected":false},"excerpt":{"rendered":"<p>La octava jornada de Primera RFEF ha tenido como protagonistas para Emart&amp;Soccer a Adriana Parada, que est\u00e1 en un gran momento en este arranque de campa\u00f1a; Martina Gonz\u00e1lez, que regreso a la titularidad del FC Barclona B tras meses de recuperaci\u00f3n; y Gema Climent, aut\u00e9ntica l\u00edder del Valencia F\u00e9minas. Adriana Parada, una de las jugadoras [&hellip;]<\/p>\n","protected":false},"author":7,"featured_media":64126,"comment_status":"closed","ping_status":"closed","sticky":false,"template":"","format":"standard","meta":{"footnotes":""},"categories":[593],"tags":[847,878],"class_list":["post-64098","post","type-post","status-publish","format-standard","has-post-thumbnail","hentry","category-noticia-femenino","tag-gema-climent","tag-martina-gonzalez"],"_links":{"self":[{"href":"https:\/\/www.emartsoccer.es\/en\/wp-json\/wp\/v2\/posts\/64098","targetHints":{"allow":["GET"]}}],"collection":[{"href":"https:\/\/www.emartsoccer.es\/en\/wp-json\/wp\/v2\/posts"}],"about":[{"href":"https:\/\/www.emartsoccer.es\/en\/wp-json\/wp\/v2\/types\/post"}],"author":[{"embeddable":true,"href":"https:\/\/www.emartsoccer.es\/en\/wp-json\/wp\/v2\/users\/7"}],"replies":[{"embeddable":true,"href":"https:\/\/www.emartsoccer.es\/en\/wp-json\/wp\/v2\/comments?post=64098"}],"version-history":[{"count":2,"href":"https:\/\/www.emartsoccer.es\/en\/wp-json\/wp\/v2\/posts\/64098\/revisions"}],"predecessor-version":[{"id":64128,"href":"https:\/\/www.emartsoccer.es\/en\/wp-json\/wp\/v2\/posts\/64098\/revisions\/64128"}],"wp:featuredmedia":[{"embeddable":true,"href":"https:\/\/www.emartsoccer.es\/en\/wp-json\/wp\/v2\/media\/64126"}],"wp:attachment":[{"href":"https:\/\/www.emartsoccer.es\/en\/wp-json\/wp\/v2\/media?parent=64098"}],"wp:term":[{"taxonomy":"category","embeddable":true,"href":"https:\/\/www.emartsoccer.es\/en\/wp-json\/wp\/v2\/categories?post=64098"},{"taxonomy":"post_tag","embeddable":true,"href":"https:\/\/www.emartsoccer.es\/en\/wp-json\/wp\/v2\/tags?post=64098"}],"curies":[{"name":"wp","href":"https:\/\/api.w.org\/{rel}","templated":true}]}}