{"id":64093,"date":"2025-11-08T17:00:57","date_gmt":"2025-11-08T16:00:57","guid":{"rendered":"https:\/\/www.emartsoccer.es\/?p=64093"},"modified":"2025-11-08T17:19:57","modified_gmt":"2025-11-08T16:19:57","slug":"otro-premio-mas-para-jeremy-arevalo-primera-convocatoria-con-la-seleccion-absoluta-de-ecuador","status":"publish","type":"post","link":"https:\/\/www.emartsoccer.es\/en\/otro-premio-mas-para-jeremy-arevalo-primera-convocatoria-con-la-seleccion-absoluta-de-ecuador\/","title":{"rendered":"Otro premio m\u00e1s para Jeremy Ar\u00e9valo: \u00a1primera convocatoria con la selecci\u00f3n absoluta de Ecuador!"},"content":{"rendered":"\n<p>No paran las buenas noticias para <strong>Jeremy Ar\u00e9valo<\/strong>. D\u00edas despu\u00e9s de <a href=\"https:\/\/www.emartsoccer.es\/jeremy-arevalo-nombrado-mejor-jugador-del-mes-de-octubre-en-laliga-hypermotion\/\" data-type=\"link\" data-id=\"https:\/\/www.emartsoccer.es\/jeremy-arevalo-nombrado-mejor-jugador-del-mes-de-octubre-en-laliga-hypermotion\/\">ser nombrado como mejor jugador del mes de octubre de<\/a><strong><a href=\"https:\/\/www.emartsoccer.es\/jeremy-arevalo-nombrado-mejor-jugador-del-mes-de-octubre-en-laliga-hypermotion\/\" data-type=\"link\" data-id=\"https:\/\/www.emartsoccer.es\/jeremy-arevalo-nombrado-mejor-jugador-del-mes-de-octubre-en-laliga-hypermotion\/\"> LaLiga Hypermotion<\/a>,<\/strong> el seleccionador absoluto de <strong>Ecuador, Sebasti\u00e1n Becacece, lo ha citado para los encuentros de car\u00e1cter amistoso ante Canad\u00e1 y Nueva Zelanda,<\/strong> los cuales se celebrar\u00e1n el pr\u00f3ximo jueves 13 y el mi\u00e9rcoles 19.<\/p>\n\n\n\n<p>Se trata de la primera citaci\u00f3n con la selecci\u00f3n absoluta de <strong>Ecuador <\/strong>para<strong> Jeremy Ar\u00e9valo<\/strong>, que ve premiado as\u00ed su gran arranque de campa\u00f1a. El delantero del<strong> Real Racing Club<\/strong> ya ha vestido con anterioridad la camiseta de la<strong> &#8216;Tri&#8217;<\/strong>, puesto que disput\u00f3 el<strong> Sudamericano<\/strong> sub-20 con la selecci\u00f3n sudamericana. Pese a ello, hasta que no debute en competici\u00f3n oficial todav\u00eda podr\u00eda ser citado por <strong>Espa\u00f1a<\/strong> al tener la doble nacionalidad, aunque este llamado por parte de<strong> Beccacece <\/strong>lo acerca a una decisi\u00f3n que no tiene marcha atr\u00e1s. <strong>A poco m\u00e1s de ocho meses para el Mundial 2026, Jeremy Ar\u00e9valo es actualmente el atacante ecuatoriano m\u00e1s en forma del panorama futbol\u00edstico.<\/strong><\/p>\n\n\n\n<p><strong>Sebasti\u00e1n Beccacece <\/strong>conoce bien a<strong> Jeremy Ar\u00e9valo<\/strong>, puesto que lo tiene visto de la convocatoria con la sub-20 de<strong> Ecuador<\/strong>; el seleccionador tendr\u00e1 la ocasi\u00f3n de verlo m\u00e1s de cerca en un doble compromiso de car\u00e1cter amistoso en el pr\u00f3ximo par\u00f3n de selecciones. <strong>La &#8216;Tri&#8217; viajar\u00e1 a Canad\u00e1 para medirse a dicha selecci\u00f3n el jueves 13 a partir de las 01.30 hora espa\u00f1ola, mientras que recibir\u00e1 a Nueva Zelanda el mi\u00e9rcoles 19 a las 02.30 horas.<\/strong><\/p>\n\n\n\n<p><strong>Ecuador<\/strong>, que se ha clasificado para el <strong>Mundial 2026<\/strong> como segundo en las eliminatorias sudamericanas, <strong>espera encontrar en Jeremy Ar\u00e9valo una nueva arma cara al gol<\/strong>, donde se est\u00e1 mostrando con serios problemas. La <strong>&#8216;Tri&#8217;<\/strong> solo ha visto puerta en cinco ocasiones en sus \u00faltimos ocho compromisos; mientras, el atacante del <strong>Real Racing Club<\/strong> ha marcado siete goles en 12 encuentros. \u00a1Felicidades, <strong>Jeremy<\/strong>! \u00a1A aprovechar la oportunidad y a demostrar todo tu potencial!<\/p>\n","protected":false},"excerpt":{"rendered":"<p>No paran las buenas noticias para Jeremy Ar\u00e9valo. D\u00edas despu\u00e9s de ser nombrado como mejor jugador del mes de octubre de LaLiga Hypermotion, el seleccionador absoluto de Ecuador, Sebasti\u00e1n Becacece, lo ha citado para los encuentros de car\u00e1cter amistoso ante Canad\u00e1 y Nueva Zelanda, los cuales se celebrar\u00e1n el pr\u00f3ximo jueves 13 y el mi\u00e9rcoles [&hellip;]<\/p>\n","protected":false},"author":7,"featured_media":64134,"comment_status":"closed","ping_status":"closed","sticky":false,"template":"","format":"standard","meta":{"footnotes":""},"categories":[594],"tags":[836],"class_list":["post-64093","post","type-post","status-publish","format-standard","has-post-thumbnail","hentry","category-noticia-masculino","tag-jeremy-arevalo"],"_links":{"self":[{"href":"https:\/\/www.emartsoccer.es\/en\/wp-json\/wp\/v2\/posts\/64093","targetHints":{"allow":["GET"]}}],"collection":[{"href":"https:\/\/www.emartsoccer.es\/en\/wp-json\/wp\/v2\/posts"}],"about":[{"href":"https:\/\/www.emartsoccer.es\/en\/wp-json\/wp\/v2\/types\/post"}],"author":[{"embeddable":true,"href":"https:\/\/www.emartsoccer.es\/en\/wp-json\/wp\/v2\/users\/7"}],"replies":[{"embeddable":true,"href":"https:\/\/www.emartsoccer.es\/en\/wp-json\/wp\/v2\/comments?post=64093"}],"version-history":[{"count":3,"href":"https:\/\/www.emartsoccer.es\/en\/wp-json\/wp\/v2\/posts\/64093\/revisions"}],"predecessor-version":[{"id":64136,"href":"https:\/\/www.emartsoccer.es\/en\/wp-json\/wp\/v2\/posts\/64093\/revisions\/64136"}],"wp:featuredmedia":[{"embeddable":true,"href":"https:\/\/www.emartsoccer.es\/en\/wp-json\/wp\/v2\/media\/64134"}],"wp:attachment":[{"href":"https:\/\/www.emartsoccer.es\/en\/wp-json\/wp\/v2\/media?parent=64093"}],"wp:term":[{"taxonomy":"category","embeddable":true,"href":"https:\/\/www.emartsoccer.es\/en\/wp-json\/wp\/v2\/categories?post=64093"},{"taxonomy":"post_tag","embeddable":true,"href":"https:\/\/www.emartsoccer.es\/en\/wp-json\/wp\/v2\/tags?post=64093"}],"curies":[{"name":"wp","href":"https:\/\/api.w.org\/{rel}","templated":true}]}}