{"id":64086,"date":"2025-11-02T16:02:15","date_gmt":"2025-11-02T15:02:15","guid":{"rendered":"https:\/\/www.emartsoccer.es\/?p=64086"},"modified":"2025-11-02T16:14:32","modified_gmt":"2025-11-02T15:14:32","slug":"jeremy-arevalo-nombrado-mejor-jugador-del-mes-de-octubre-en-laliga-hypermotion","status":"publish","type":"post","link":"https:\/\/www.emartsoccer.es\/en\/jeremy-arevalo-nombrado-mejor-jugador-del-mes-de-octubre-en-laliga-hypermotion\/","title":{"rendered":"Jeremy Ar\u00e9valo, nombrado mejor jugador del mes de octubre en LaLiga Hypermotion"},"content":{"rendered":"\n<p>El buen inicio de temporada del delantero del<strong> Real Racing Club de Santander, Jeremy Ar\u00e9valo<\/strong>, hace que al hispanoecuatoriano le est\u00e9n lloviendo los elogios de todo el f\u00fatbol mundial, como no pod\u00eda ser de otra manera. <strong>El delantero suma siete goles en 12 jornadas, cuatro de ellos durante el mes de octubre, lo que le ha valido para ser considerado como el mejor jugador del mes en LaLiga Hypermotion.<\/strong><\/p>\n\n\n\n<p><strong>Jeremy Ar\u00e9valo<\/strong> ha marcado en cada uno de los encuentros del <strong>Real Racing Club de Santander <\/strong>en el mes de octubre. Vio puerta en la victora ante el <strong>M\u00e1laga CF <\/strong>(3-0), anotando el segundo; lo hizo en la derrota frente al <strong>Real Sporting de Gij\u00f3n<\/strong> (2-1), repiti\u00f3 en el triunfo contra el <strong>RC Deportivo de la Coru\u00f1a<\/strong>, anotando el gol que dio los tres puntos a su equipo (2-1); y culmin\u00f3 su gran mes de octubre en <strong>Mendizorroza <\/strong>ante el <strong>CD MIrand\u00e9s (<\/strong>1-3), igualando el tanto local inicial. <strong>Ello le ha valido para ser premiado con el galard\u00f3n por parte de LaLiga Hypermotion, el cual recibi\u00f3 de manos del presidente del Real Racing de Santander, Manolo Higuera, y del m\u00e1ximo dirigente de la Fundaci\u00f3n del club, Sebasti\u00e1n Ceria, en la previa de la \u00faltima jornada en la que el cuadro c\u00e1ntabro venci\u00f3 por la m\u00ednima a la Real Sociedad B en los Campos de Sport de El Sardinero.<\/strong> <\/p>\n\n\n\n<p><strong>El atacante del Real Racing Club de Santander es, adem\u00e1s, el m\u00e1ximo realizador de LaLiga Hypermotion con siete dianas, con lo que gran parte de culpa de que su equipo sea el l\u00edder de la clasificaci\u00f3n se suya. <\/strong>Con tan solo 20 a\u00f1os, un<strong> Jeremy Ar\u00e9valo<\/strong> que renov\u00f3 el pasado verano con su club hasta 2027 ha explotado en la que es su segunda campa\u00f1a completa con el primer equipo. Tras ser utilizado la temporada anterior en multitud de posiciones, este curso se ha asentado en su puesto natural, la punta de ataque, donde est\u00e1 demostrando todo su potencial. Con un futuro enorme, <strong>Jeremy Ar\u00e9valo<\/strong> disfruta de un presente brillante que se ha ganado a pulso.<\/p>\n","protected":false},"excerpt":{"rendered":"<p>El buen inicio de temporada del delantero del Real Racing Club de Santander, Jeremy Ar\u00e9valo, hace que al hispanoecuatoriano le est\u00e9n lloviendo los elogios de todo el f\u00fatbol mundial, como no pod\u00eda ser de otra manera. El delantero suma siete goles en 12 jornadas, cuatro de ellos durante el mes de octubre, lo que le [&hellip;]<\/p>\n","protected":false},"author":7,"featured_media":64090,"comment_status":"closed","ping_status":"closed","sticky":false,"template":"","format":"standard","meta":{"footnotes":""},"categories":[594],"tags":[836],"class_list":["post-64086","post","type-post","status-publish","format-standard","has-post-thumbnail","hentry","category-noticia-masculino","tag-jeremy-arevalo"],"_links":{"self":[{"href":"https:\/\/www.emartsoccer.es\/en\/wp-json\/wp\/v2\/posts\/64086","targetHints":{"allow":["GET"]}}],"collection":[{"href":"https:\/\/www.emartsoccer.es\/en\/wp-json\/wp\/v2\/posts"}],"about":[{"href":"https:\/\/www.emartsoccer.es\/en\/wp-json\/wp\/v2\/types\/post"}],"author":[{"embeddable":true,"href":"https:\/\/www.emartsoccer.es\/en\/wp-json\/wp\/v2\/users\/7"}],"replies":[{"embeddable":true,"href":"https:\/\/www.emartsoccer.es\/en\/wp-json\/wp\/v2\/comments?post=64086"}],"version-history":[{"count":1,"href":"https:\/\/www.emartsoccer.es\/en\/wp-json\/wp\/v2\/posts\/64086\/revisions"}],"predecessor-version":[{"id":64092,"href":"https:\/\/www.emartsoccer.es\/en\/wp-json\/wp\/v2\/posts\/64086\/revisions\/64092"}],"wp:featuredmedia":[{"embeddable":true,"href":"https:\/\/www.emartsoccer.es\/en\/wp-json\/wp\/v2\/media\/64090"}],"wp:attachment":[{"href":"https:\/\/www.emartsoccer.es\/en\/wp-json\/wp\/v2\/media?parent=64086"}],"wp:term":[{"taxonomy":"category","embeddable":true,"href":"https:\/\/www.emartsoccer.es\/en\/wp-json\/wp\/v2\/categories?post=64086"},{"taxonomy":"post_tag","embeddable":true,"href":"https:\/\/www.emartsoccer.es\/en\/wp-json\/wp\/v2\/tags?post=64086"}],"curies":[{"name":"wp","href":"https:\/\/api.w.org\/{rel}","templated":true}]}}