{"id":64056,"date":"2025-10-30T12:21:20","date_gmt":"2025-10-30T11:21:20","guid":{"rendered":"https:\/\/www.emartsoccer.es\/?p=64056"},"modified":"2025-10-30T12:21:23","modified_gmt":"2025-10-30T11:21:23","slug":"roberto-arroyo-debuta-con-el-primer-equipo-de-ca-osasuna-con-una-asistencia-de-gol","status":"publish","type":"post","link":"https:\/\/www.emartsoccer.es\/en\/roberto-arroyo-debuta-con-el-primer-equipo-de-ca-osasuna-con-una-asistencia-de-gol\/","title":{"rendered":"Roberto Arroyo debuta con el primer equipo de CA Osasuna con una asistencia de gol"},"content":{"rendered":"\n<p>La <strong>Copa del Rey<\/strong> es una competici\u00f3n en la que, sobre todo en las primeras rondas, los entrenadores acostumbran a tirar de la cantera para ver a los futbolistas m\u00e1s destacados de la base. <strong>Alescio Lisci no desaprovech\u00f3 la oportunidad en la primera eliminatoria ante el d\u00e9bil CD Sant Jordi e hizo debutar con el primer equipo de CA Osasuna al delantero Roberto Arroyo.<\/strong><\/p>\n\n\n\n<p><strong>Roberto Arroyo es un delantero de 22 a\u00f1os que aterriz\u00f3 en CA Osasuna Promesas la pasada campa\u00f1a procedente del filial del Real Valladolid, club en el que se form\u00f3<\/strong>. En el curso 2023-24 vivi\u00f3 su primera experiencia fuera de casa en una cesi\u00f3n a la <strong>UD Ibiza <\/strong>despu\u00e9s de marcar siete goles con el segundo equipo pucelano la temporada anterior. Este curso suma nueve apariciones con el filial rojillo y a\u00fan no se ha estrenado.<\/p>\n\n\n\n<p><strong>Lo que s\u00ed que estren\u00f3 en Copa del Rey un Roberto Arroyo que se incorpor\u00f3 a Emart&amp;Soccer a finales del pasado mes de agosto fue el cap\u00edtulo de asistencias.<\/strong> El delantero, que tambi\u00e9n puede actuar en cualquiera de los dos extremos, dio el pase del 0-4 a<strong> Ante Budimir<\/strong>; recibi\u00f3 un bal\u00f3n a\u00e9reo que lo dej\u00f3 solo para el uno contra uno ante el meta del <strong>CD Sant Jordi<\/strong>, pero decidi\u00f3 regalar el gol al delantero croata, que lo acompa\u00f1aba en la jugada.<\/p>\n\n\n\n<p><strong>El atacante disput\u00f3 la totalidad de la segunda parte y dej\u00f3 detalles de calidad,<\/strong> present\u00e1ndose en sociedad con muy buena nota y demostrando a <strong>CA Osasuna<\/strong> que, si ha de tirar de \u00e9l, est\u00e1 m\u00e1s que preparado. El primer paso ya est\u00e1 dado; ahora, \u00a1a por muchos m\u00e1s, <strong>Roberto<\/strong>!<\/p>\n","protected":false},"excerpt":{"rendered":"<p>La Copa del Rey es una competici\u00f3n en la que, sobre todo en las primeras rondas, los entrenadores acostumbran a tirar de la cantera para ver a los futbolistas m\u00e1s destacados de la base. Alescio Lisci no desaprovech\u00f3 la oportunidad en la primera eliminatoria ante el d\u00e9bil CD Sant Jordi e hizo debutar con el [&hellip;]<\/p>\n","protected":false},"author":7,"featured_media":64059,"comment_status":"closed","ping_status":"closed","sticky":false,"template":"","format":"standard","meta":{"footnotes":""},"categories":[594],"tags":[876],"class_list":["post-64056","post","type-post","status-publish","format-standard","has-post-thumbnail","hentry","category-noticia-masculino","tag-roberto-arroyo"],"_links":{"self":[{"href":"https:\/\/www.emartsoccer.es\/en\/wp-json\/wp\/v2\/posts\/64056","targetHints":{"allow":["GET"]}}],"collection":[{"href":"https:\/\/www.emartsoccer.es\/en\/wp-json\/wp\/v2\/posts"}],"about":[{"href":"https:\/\/www.emartsoccer.es\/en\/wp-json\/wp\/v2\/types\/post"}],"author":[{"embeddable":true,"href":"https:\/\/www.emartsoccer.es\/en\/wp-json\/wp\/v2\/users\/7"}],"replies":[{"embeddable":true,"href":"https:\/\/www.emartsoccer.es\/en\/wp-json\/wp\/v2\/comments?post=64056"}],"version-history":[{"count":1,"href":"https:\/\/www.emartsoccer.es\/en\/wp-json\/wp\/v2\/posts\/64056\/revisions"}],"predecessor-version":[{"id":64061,"href":"https:\/\/www.emartsoccer.es\/en\/wp-json\/wp\/v2\/posts\/64056\/revisions\/64061"}],"wp:featuredmedia":[{"embeddable":true,"href":"https:\/\/www.emartsoccer.es\/en\/wp-json\/wp\/v2\/media\/64059"}],"wp:attachment":[{"href":"https:\/\/www.emartsoccer.es\/en\/wp-json\/wp\/v2\/media?parent=64056"}],"wp:term":[{"taxonomy":"category","embeddable":true,"href":"https:\/\/www.emartsoccer.es\/en\/wp-json\/wp\/v2\/categories?post=64056"},{"taxonomy":"post_tag","embeddable":true,"href":"https:\/\/www.emartsoccer.es\/en\/wp-json\/wp\/v2\/tags?post=64056"}],"curies":[{"name":"wp","href":"https:\/\/api.w.org\/{rel}","templated":true}]}}