{"id":64048,"date":"2025-10-29T10:29:32","date_gmt":"2025-10-29T09:29:32","guid":{"rendered":"https:\/\/www.emartsoccer.es\/?p=64048"},"modified":"2025-10-29T10:29:34","modified_gmt":"2025-10-29T09:29:34","slug":"andreu-arasa-regresa-a-los-terrenos-de-juego-tras-ocho-meses","status":"publish","type":"post","link":"https:\/\/www.emartsoccer.es\/en\/andreu-arasa-regresa-a-los-terrenos-de-juego-tras-ocho-meses\/","title":{"rendered":"Andreu Arasa regresa a los terrenos de juego tras ocho meses"},"content":{"rendered":"\n<p>Unas molestias en la espalda acabaron derivando en una lesi\u00f3n que no acababa de desaparecer para <strong>Andreu Arasa<\/strong>, delantero del<strong> LKS L\u00f3dz<\/strong> que vio truncado su gran arranque de campa\u00f1a el pasado curso. Los doctores no encontraban la soluci\u00f3n y el atacante espa\u00f1ol ha estado ocho meses apartado de los terrenos de juego. Pero en la \u00faltimas semanas el dolor remiti\u00f3, volvi\u00f3 a trabajar con el grupo y de nuevo se sinti\u00f3 futbolista: <strong>tuvo minutos, pocos pero suficientes para regresar, en el duelo copero ante el GKS Katowice,<\/strong> en el que los suyos cayeron eliminados (1-2).<\/p>\n\n\n\n<p><strong>Lleg\u00f3 Andreu Arasa la pasada temporada al LKS L\u00f3dz, en la que es su primera aventura en el extranjero, despu\u00e9s de anotar 19 dianas en 35 partidos y dar siete asistencias con el UD San Sebasti\u00e1n de los Reyes<\/strong> en el grupo 5 de<strong> Segunda RFEF<\/strong>, con el que qued\u00f3 segundo en la 2023-24 y disput\u00f3 el play-off de ascenso, qued\u00e1ndose a un paso del objetivo. <\/p>\n\n\n\n<p><strong>Tuvo un gran inicio en el LKS L\u00f3dz, anotando siete goles en sus 13 primeras apariciones con su nuevo equipo.<\/strong> Todo iba a pedir de boca para <strong>Andreu Arasa<\/strong>, pero unas molestias le apartaron de los terrenos de juego y, pese a que parec\u00eda cosa de pocas semanas, se fueron alargando y ya no pudo jugar m\u00e1s el pasado curso, e incluso este lo comenz\u00f3 apartado del grupo, todav\u00eda con dolores.<\/p>\n\n\n\n<p>Pero finalmente <strong>Andreu Arasa<\/strong> ha visto la luz.<strong> Tras ocho meses con molestias y un sinf\u00edn de visitas m\u00e9dicas, la lesi\u00f3n en la espalda est\u00e1 superada y el delantero ya ha vuelto a pisar el c\u00e9sped de manera oficial con la camiseta del LKS L\u00f3dz.<\/strong> El primer paso est\u00e1 dado y ahora debe ponerse al mismo nivel que el resto de sus compa\u00f1eros para volver a ser ese goleador que siempre ha sido. \u00a1Felicidades por tu regreso, <strong>Andreu<\/strong>!<\/p>\n","protected":false},"excerpt":{"rendered":"<p>Unas molestias en la espalda acabaron derivando en una lesi\u00f3n que no acababa de desaparecer para Andreu Arasa, delantero del LKS L\u00f3dz que vio truncado su gran arranque de campa\u00f1a el pasado curso. Los doctores no encontraban la soluci\u00f3n y el atacante espa\u00f1ol ha estado ocho meses apartado de los terrenos de juego. Pero en [&hellip;]<\/p>\n","protected":false},"author":7,"featured_media":64051,"comment_status":"closed","ping_status":"closed","sticky":false,"template":"","format":"standard","meta":{"footnotes":""},"categories":[594],"tags":[875],"class_list":["post-64048","post","type-post","status-publish","format-standard","has-post-thumbnail","hentry","category-noticia-masculino","tag-andreu-arasa"],"_links":{"self":[{"href":"https:\/\/www.emartsoccer.es\/en\/wp-json\/wp\/v2\/posts\/64048","targetHints":{"allow":["GET"]}}],"collection":[{"href":"https:\/\/www.emartsoccer.es\/en\/wp-json\/wp\/v2\/posts"}],"about":[{"href":"https:\/\/www.emartsoccer.es\/en\/wp-json\/wp\/v2\/types\/post"}],"author":[{"embeddable":true,"href":"https:\/\/www.emartsoccer.es\/en\/wp-json\/wp\/v2\/users\/7"}],"replies":[{"embeddable":true,"href":"https:\/\/www.emartsoccer.es\/en\/wp-json\/wp\/v2\/comments?post=64048"}],"version-history":[{"count":1,"href":"https:\/\/www.emartsoccer.es\/en\/wp-json\/wp\/v2\/posts\/64048\/revisions"}],"predecessor-version":[{"id":64053,"href":"https:\/\/www.emartsoccer.es\/en\/wp-json\/wp\/v2\/posts\/64048\/revisions\/64053"}],"wp:featuredmedia":[{"embeddable":true,"href":"https:\/\/www.emartsoccer.es\/en\/wp-json\/wp\/v2\/media\/64051"}],"wp:attachment":[{"href":"https:\/\/www.emartsoccer.es\/en\/wp-json\/wp\/v2\/media?parent=64048"}],"wp:term":[{"taxonomy":"category","embeddable":true,"href":"https:\/\/www.emartsoccer.es\/en\/wp-json\/wp\/v2\/categories?post=64048"},{"taxonomy":"post_tag","embeddable":true,"href":"https:\/\/www.emartsoccer.es\/en\/wp-json\/wp\/v2\/tags?post=64048"}],"curies":[{"name":"wp","href":"https:\/\/api.w.org\/{rel}","templated":true}]}}