{"id":63989,"date":"2025-10-20T21:38:42","date_gmt":"2025-10-20T19:38:42","guid":{"rendered":"https:\/\/www.emartsoccer.es\/?p=63989"},"modified":"2025-10-20T21:38:44","modified_gmt":"2025-10-20T19:38:44","slug":"nahia-azpiazu-silvia-penalver-y-gema-climent-directas-al-top-3-de-la-septima-jornada-de-primera-rfef","status":"publish","type":"post","link":"https:\/\/www.emartsoccer.es\/en\/nahia-azpiazu-silvia-penalver-y-gema-climent-directas-al-top-3-de-la-septima-jornada-de-primera-rfef\/","title":{"rendered":"Nahia Azpiazu, Silvia Pe\u00f1alver y Gema Climent, directas al top-3 de la s\u00e9ptima jornada de Primera RFEF"},"content":{"rendered":"\n<p>El top-3 de la s\u00e9ptima jornada de <strong>Primera RFEF <\/strong>entre las jugadoras de <strong>Emart&amp;Soccer<\/strong> est\u00e1 formado por la central de <strong>CDFF Osasuna F\u00e9minas Nahia Azpiazu<\/strong>, la zaguera del<strong> SE AEM Silvia Pe\u00f1alver<\/strong> y la centrocampista del <strong>Valencia F\u00e9minas CF Gema Climent.<\/strong><\/p>\n\n\n\n<p>La central rojilla <strong>Nahia Azpiazu<\/strong> volvi\u00f3 a liderar la zaga de <strong>CDFF Osasuna F\u00e9mias<\/strong> dando una exhibici\u00f3n de jerarqu\u00eda. <strong>Dura en la marca y r\u00e1pida a la espalda, gracias en gran parte a su buen encuentro el cuadro pamplonica volvi\u00f3 a dejar la porter\u00eda a cero<\/strong>, esta vez en su visita al<strong> SDF Real Betis Balompi\u00e9<\/strong> (0-0). El conjunto rojillo es sexto en la clasificaci\u00f3n de <strong>Primera RFEF<\/strong>.<\/p>\n\n\n\n<p><strong>Primera victoria del SE AEM, que derrot\u00f3 al Real Oviedo a domicilio (0-1) sin encajar, labor en la que tuvo mucho que ver la defensa S\u00edlvia Pe\u00f1alver, que defendi\u00f3 el \u00e1rea con gran liderazgo y fortaleza<\/strong>. Ello permiti\u00f3 a su equipo llegar vivo al final del encuentro y tener la ocasi\u00f3n de llevarse el encuentro en el descuento, tal y como finalmente sucedi\u00f3.<\/p>\n\n\n\n<p>Otra que a nivel defensivo, de garra y lucha estuvo excepcional fue <strong>Gema Climent,<\/strong> la due\u00f1a del centro del campo en el duelo entre<strong> Club Atl\u00e9tico de Madrid B<\/strong> y <strong>Valencia F\u00e9minas CF.<\/strong> <strong>Manejo a la perfecci\u00f3n los tiempos del partido, frenando el juego y d\u00e1ndole velocidad cuando este lo requer\u00eda, y fren\u00f3 a las colchoneras cuando el bal\u00f3n estaba en poder del rival.<\/strong><\/p>\n\n\n<div class=\"wp-block-image\">\n<figure class=\"aligncenter size-large is-resized\"><img fetchpriority=\"high\" decoding=\"async\" width=\"576\" height=\"1024\" src=\"https:\/\/www.emartsoccer.es\/wp-content\/uploads\/2025\/10\/top_3_primera_rfef-1-576x1024.jpeg\" alt=\"\" class=\"wp-image-64000\" style=\"width:236px;height:auto\"\/><\/figure>\n<\/div>","protected":false},"excerpt":{"rendered":"<p>El top-3 de la s\u00e9ptima jornada de Primera RFEF entre las jugadoras de Emart&amp;Soccer est\u00e1 formado por la central de CDFF Osasuna F\u00e9minas Nahia Azpiazu, la zaguera del SE AEM Silvia Pe\u00f1alver y la centrocampista del Valencia F\u00e9minas CF Gema Climent. La central rojilla Nahia Azpiazu volvi\u00f3 a liderar la zaga de CDFF Osasuna F\u00e9mias [&hellip;]<\/p>\n","protected":false},"author":7,"featured_media":64002,"comment_status":"closed","ping_status":"closed","sticky":false,"template":"","format":"standard","meta":{"footnotes":""},"categories":[593],"tags":[847,872,850],"class_list":["post-63989","post","type-post","status-publish","format-standard","has-post-thumbnail","hentry","category-noticia-femenino","tag-gema-climent","tag-nahia-azpiazu","tag-silvia-penalver"],"_links":{"self":[{"href":"https:\/\/www.emartsoccer.es\/en\/wp-json\/wp\/v2\/posts\/63989","targetHints":{"allow":["GET"]}}],"collection":[{"href":"https:\/\/www.emartsoccer.es\/en\/wp-json\/wp\/v2\/posts"}],"about":[{"href":"https:\/\/www.emartsoccer.es\/en\/wp-json\/wp\/v2\/types\/post"}],"author":[{"embeddable":true,"href":"https:\/\/www.emartsoccer.es\/en\/wp-json\/wp\/v2\/users\/7"}],"replies":[{"embeddable":true,"href":"https:\/\/www.emartsoccer.es\/en\/wp-json\/wp\/v2\/comments?post=63989"}],"version-history":[{"count":2,"href":"https:\/\/www.emartsoccer.es\/en\/wp-json\/wp\/v2\/posts\/63989\/revisions"}],"predecessor-version":[{"id":64004,"href":"https:\/\/www.emartsoccer.es\/en\/wp-json\/wp\/v2\/posts\/63989\/revisions\/64004"}],"wp:featuredmedia":[{"embeddable":true,"href":"https:\/\/www.emartsoccer.es\/en\/wp-json\/wp\/v2\/media\/64002"}],"wp:attachment":[{"href":"https:\/\/www.emartsoccer.es\/en\/wp-json\/wp\/v2\/media?parent=63989"}],"wp:term":[{"taxonomy":"category","embeddable":true,"href":"https:\/\/www.emartsoccer.es\/en\/wp-json\/wp\/v2\/categories?post=63989"},{"taxonomy":"post_tag","embeddable":true,"href":"https:\/\/www.emartsoccer.es\/en\/wp-json\/wp\/v2\/tags?post=63989"}],"curies":[{"name":"wp","href":"https:\/\/api.w.org\/{rel}","templated":true}]}}