{"id":63958,"date":"2025-10-16T15:37:32","date_gmt":"2025-10-16T13:37:32","guid":{"rendered":"https:\/\/www.emartsoccer.es\/?p=63958"},"modified":"2025-10-16T15:37:35","modified_gmt":"2025-10-16T13:37:35","slug":"benat-de-jesus-el-lateral-de-moda-en-primera-rfef","status":"publish","type":"post","link":"https:\/\/www.emartsoccer.es\/en\/benat-de-jesus-el-lateral-de-moda-en-primera-rfef\/","title":{"rendered":"Be\u00f1at de Jes\u00fas, el lateral de moda en Primera RFEF"},"content":{"rendered":"\n<p>Cuando eres uno de los dos jugadores de campo de tu equipo que ha disputado la totalidad de los 630 minutos que se han jugado hasta el momento en<strong> Primera RFEF<\/strong> es que est\u00e1s haciendo algo bien. Lo sabe <strong>Be\u00f1at de Jes\u00fas<\/strong>, lateral derecho del <strong>Barakaldo CF<\/strong> que ya ha entrado en el once de la jornada de la categor\u00eda en una ocasi\u00f3n y que es indiscutible en el esquema del entrenador del conjunto vasco,<strong> Imanol de la Sota<\/strong>. El canterano del <strong>Athletic Club<\/strong>, que <strong>disputa su tercera campa\u00f1a en el conjunto vizca\u00edno, ha arrancado la temporada a un nivel excepcional y, con 23 a\u00f1os, tiene un futuro esperanzador.<\/strong><\/p>\n\n\n\n<p>De momento, el defensor disfruta en <strong>Lasesarre<\/strong>, en una banda derecha que lleva su nombre y de la que se aprovecha el<strong> Barakaldo CF<\/strong>. El equipo vasco es sexto en el grupo I de<strong> Primera RFEF<\/strong> con diez puntos y suma seis jornadas sin perder: \u00fanicamente ha ca\u00eddo en la inaugural, por la m\u00ednima ante el<strong> AD M\u00e9rida.<\/strong> Adem\u00e1s, <strong>\u2018Deje\u2019, tal y como es conocido en el vestuario, fue nombrado por la afici\u00f3n como el mejor jugador del equipo en el mes de septiembre.<\/strong><\/p>\n\n\n\n<p><strong>Be\u00f1at de Jes\u00fas, que ya hab\u00eda sido importante en los dos cursos anteriores en los que ha vestido la camiseta del Barakaldo CF, renov\u00f3 este pasado verano con el equipo. <\/strong>A tan solo 21 kil\u00f3metros de su <strong>Larrabetzu<\/strong> natal, el diestro ascendi\u00f3 a <strong>Primera RFEF<\/strong> en su primera temporada con su actual equipo y ahora sue\u00f1a con un nuevo salto de categor\u00eda.<\/p>\n\n\n\n<p>Los de<strong> Imanol de la Sota<\/strong> est\u00e1n en una buena l\u00ednea y saben que<strong> en el costado derecho de la zaga tienen un seguro de vida que destaca por su fiabilidad defensiva y que ha crecido mucho como jugador en Lasesarre. <\/strong>El <strong>Barakaldo CF<\/strong> y <strong>Be\u00f1at de Jes\u00fas<\/strong> saben que todav\u00eda queda mucho por hacer y que esto solo acaba de comenzar, pero ese rubio veloz que arranca por banda derecha y que tanto ha madurado apunta muy alto.<\/p>\n","protected":false},"excerpt":{"rendered":"<p>Cuando eres uno de los dos jugadores de campo de tu equipo que ha disputado la totalidad de los 630 minutos que se han jugado hasta el momento en Primera RFEF es que est\u00e1s haciendo algo bien. Lo sabe Be\u00f1at de Jes\u00fas, lateral derecho del Barakaldo CF que ya ha entrado en el once de [&hellip;]<\/p>\n","protected":false},"author":7,"featured_media":63962,"comment_status":"closed","ping_status":"closed","sticky":false,"template":"","format":"standard","meta":{"footnotes":""},"categories":[594],"tags":[871],"class_list":["post-63958","post","type-post","status-publish","format-standard","has-post-thumbnail","hentry","category-noticia-masculino","tag-benat-de-jesus"],"_links":{"self":[{"href":"https:\/\/www.emartsoccer.es\/en\/wp-json\/wp\/v2\/posts\/63958","targetHints":{"allow":["GET"]}}],"collection":[{"href":"https:\/\/www.emartsoccer.es\/en\/wp-json\/wp\/v2\/posts"}],"about":[{"href":"https:\/\/www.emartsoccer.es\/en\/wp-json\/wp\/v2\/types\/post"}],"author":[{"embeddable":true,"href":"https:\/\/www.emartsoccer.es\/en\/wp-json\/wp\/v2\/users\/7"}],"replies":[{"embeddable":true,"href":"https:\/\/www.emartsoccer.es\/en\/wp-json\/wp\/v2\/comments?post=63958"}],"version-history":[{"count":1,"href":"https:\/\/www.emartsoccer.es\/en\/wp-json\/wp\/v2\/posts\/63958\/revisions"}],"predecessor-version":[{"id":63961,"href":"https:\/\/www.emartsoccer.es\/en\/wp-json\/wp\/v2\/posts\/63958\/revisions\/63961"}],"wp:featuredmedia":[{"embeddable":true,"href":"https:\/\/www.emartsoccer.es\/en\/wp-json\/wp\/v2\/media\/63962"}],"wp:attachment":[{"href":"https:\/\/www.emartsoccer.es\/en\/wp-json\/wp\/v2\/media?parent=63958"}],"wp:term":[{"taxonomy":"category","embeddable":true,"href":"https:\/\/www.emartsoccer.es\/en\/wp-json\/wp\/v2\/categories?post=63958"},{"taxonomy":"post_tag","embeddable":true,"href":"https:\/\/www.emartsoccer.es\/en\/wp-json\/wp\/v2\/tags?post=63958"}],"curies":[{"name":"wp","href":"https:\/\/api.w.org\/{rel}","templated":true}]}}