{"id":63890,"date":"2025-10-13T12:20:28","date_gmt":"2025-10-13T10:20:28","guid":{"rendered":"https:\/\/www.emartsoccer.es\/?p=63890"},"modified":"2025-10-13T12:20:30","modified_gmt":"2025-10-13T10:20:30","slug":"saioa-larumbe-vera-rico-y-laura-navajas-forman-el-top-3-de-la-sexta-jornada-de-primera-rfef","status":"publish","type":"post","link":"https:\/\/www.emartsoccer.es\/en\/saioa-larumbe-vera-rico-y-laura-navajas-forman-el-top-3-de-la-sexta-jornada-de-primera-rfef\/","title":{"rendered":"Saioa Larumbe, Vera Rico y Laura Navajas forman el top-3 de la sexta jornada de Primera RFEF"},"content":{"rendered":"\n<p>Una futbolista por l\u00ednea, quitando la porter\u00eda, ocupa el top-3 de la sexta jornada de <strong>Primera RFEF<\/strong>. Se trata de la defensa de <strong>CDFF Osasuna Femenino Saioa Larumbe<\/strong>; de la atacante del <strong>Real Oviedo Vera Rico<\/strong>; y de la mediocentro del<strong> Deportivo Alav\u00e9s Laura Navajas<\/strong>.<\/p>\n\n\n\n<p>Partidazo de <strong>Saioa Larumbe<\/strong> en el duelo entre<strong> CDFF Osasuna Femenino<\/strong> ante<strong> CFF C\u00e1ceres<\/strong>, encuentro que se llevaron las rojillas por la m\u00ednima (1-0). La zaguera se afianza en el once y est\u00e1 siendo pieza clave en el buen momento del equipo pamplonica, permitiendo a su equipo presionar en campo rival gracias a su enorme despliegue f\u00edsico. Adem\u00e1s, <strong>en una de sus internadas dio la asistencia del gol del triunfo mediante un centro raso.<\/strong><\/p>\n\n\n\n<p>Importante empate del <strong>Real Oviedo<\/strong> en el feudo del <strong>SDF Real Betis Femenino<\/strong> (1-1), encuentro en el que <strong>Vera Rico<\/strong> fue la futbolista m\u00e1s incisiva del conjunto asturiano. Gener\u00f3 mucho peligro desde el extremo, como ya es haitual, ocupando posiciones de remate. En una de esas acciones <strong>recibi\u00f3 un pase dentro del \u00e1rea que le sirvi\u00f3 para adelantar moment\u00e1neamente a las suyas<\/strong>.<\/p>\n\n\n\n<p>Por \u00faltimo, c\u00f3modo triunfo del <strong>Deportivo Alav\u00e9s <\/strong>contra el<strong> CD Alba FF<\/strong> (3-0), victoria en la que <strong>Laura Navajas<\/strong> ingres\u00f3 al verde desde el banquillo con la misi\u00f3n de que no bajara el ritmo. Salt\u00f3 al rect\u00e1ngulo de juego con la intensidad que la caracteriza y pis\u00f3 el \u00e1rea cont\u00ednuamente, <strong>cerrando el encuentro con un aut\u00e9ntico golazo.<\/strong><\/p>\n\n\n<div class=\"wp-block-image\">\n<figure class=\"aligncenter size-large is-resized\"><img fetchpriority=\"high\" decoding=\"async\" width=\"576\" height=\"1024\" src=\"https:\/\/www.emartsoccer.es\/wp-content\/uploads\/2025\/10\/top-3-1-576x1024.jpg\" alt=\"\" class=\"wp-image-63912\" style=\"width:245px;height:auto\"\/><\/figure>\n<\/div>","protected":false},"excerpt":{"rendered":"<p>Una futbolista por l\u00ednea, quitando la porter\u00eda, ocupa el top-3 de la sexta jornada de Primera RFEF. Se trata de la defensa de CDFF Osasuna Femenino Saioa Larumbe; de la atacante del Real Oviedo Vera Rico; y de la mediocentro del Deportivo Alav\u00e9s Laura Navajas. Partidazo de Saioa Larumbe en el duelo entre CDFF Osasuna [&hellip;]<\/p>\n","protected":false},"author":7,"featured_media":63914,"comment_status":"closed","ping_status":"closed","sticky":false,"template":"","format":"standard","meta":{"footnotes":""},"categories":[593],"tags":[867,868,866],"class_list":["post-63890","post","type-post","status-publish","format-standard","has-post-thumbnail","hentry","category-noticia-femenino","tag-laura-navajas","tag-saioa-larumbe","tag-vera-rico"],"_links":{"self":[{"href":"https:\/\/www.emartsoccer.es\/en\/wp-json\/wp\/v2\/posts\/63890","targetHints":{"allow":["GET"]}}],"collection":[{"href":"https:\/\/www.emartsoccer.es\/en\/wp-json\/wp\/v2\/posts"}],"about":[{"href":"https:\/\/www.emartsoccer.es\/en\/wp-json\/wp\/v2\/types\/post"}],"author":[{"embeddable":true,"href":"https:\/\/www.emartsoccer.es\/en\/wp-json\/wp\/v2\/users\/7"}],"replies":[{"embeddable":true,"href":"https:\/\/www.emartsoccer.es\/en\/wp-json\/wp\/v2\/comments?post=63890"}],"version-history":[{"count":2,"href":"https:\/\/www.emartsoccer.es\/en\/wp-json\/wp\/v2\/posts\/63890\/revisions"}],"predecessor-version":[{"id":63916,"href":"https:\/\/www.emartsoccer.es\/en\/wp-json\/wp\/v2\/posts\/63890\/revisions\/63916"}],"wp:featuredmedia":[{"embeddable":true,"href":"https:\/\/www.emartsoccer.es\/en\/wp-json\/wp\/v2\/media\/63914"}],"wp:attachment":[{"href":"https:\/\/www.emartsoccer.es\/en\/wp-json\/wp\/v2\/media?parent=63890"}],"wp:term":[{"taxonomy":"category","embeddable":true,"href":"https:\/\/www.emartsoccer.es\/en\/wp-json\/wp\/v2\/categories?post=63890"},{"taxonomy":"post_tag","embeddable":true,"href":"https:\/\/www.emartsoccer.es\/en\/wp-json\/wp\/v2\/tags?post=63890"}],"curies":[{"name":"wp","href":"https:\/\/api.w.org\/{rel}","templated":true}]}}