{"id":63631,"date":"2025-10-07T11:49:18","date_gmt":"2025-10-07T09:49:18","guid":{"rendered":"https:\/\/www.emartsoccer.es\/?p=63631"},"modified":"2025-10-07T11:50:25","modified_gmt":"2025-10-07T09:50:25","slug":"top-3-primera-rfef-jornada-5","status":"publish","type":"post","link":"https:\/\/www.emartsoccer.es\/en\/top-3-primera-rfef-jornada-5\/","title":{"rendered":"Top-3 Primera RFEF jornada 5"},"content":{"rendered":"\n<p><strong>Emart&amp;Soccer<\/strong> destaca esta semana como<strong> Top-3 <\/strong>de la quinta jornada de<strong> Primera RFEF<\/strong> a <strong>Sara Balma<\/strong>, del <strong>SDF Real Betis Balompi\u00e9<\/strong>; a <strong>Ainhoa Guallar<\/strong>, vers\u00e1til extremo del <strong>Deportivo Alav\u00e9s<\/strong>; y a<strong> Adriana Parada<\/strong>, atacante de <strong>CDFF Osasuna Femenino<\/strong>.<\/p>\n\n\n\n<p><strong>Sara Balma dio al SDF Real Betis Balompi\u00e9 su primera victoria del curso con un gran tanto de cabeza que decidi\u00f3 el partido frente al Valencia F\u00e9minas (0-1)<\/strong>. La centrocampista verdiblanca gan\u00f3 duelos y aport\u00f3 criterio en la medular, en un encuentro en el que puso la guinda anotando el gol de la victoria.<\/p>\n\n\n\n<p>Tamb\u00e9n fue clave para su equipo <strong>Ainhoa Guallar, que desde el extremo del Deportivo Alav\u00e9s dio una asistencia de gol y provoc\u00f3 un penalti que signfic\u00f3 el segundo y definitivo<\/strong> en la victora del conjunto vitoriano en el feudo del l\u00edder, el <strong>Club Atl\u00e9tico de Madrid B <\/strong>(0-2).<\/p>\n\n\n\n<p>Otra extremo, <strong>Adriana Parada<\/strong>, fue clave para la victoria del <strong>CDFF Osasuna Femenino<\/strong> en terreno del <strong>CD Alba FF<\/strong> (0-3). La atacante gener\u00f3 mucho peligro por banda y <strong>acab\u00f3 encontrando premio a su gran actuaci\u00f3n con un aut\u00e9ntico golazo; tras una conducci\u00f3n en diagonal se sac\u00f3 un tremendo zapatazo que se col\u00f3 por la escuadra.<\/strong><\/p>\n\n\n<div class=\"wp-block-image\">\n<figure class=\"aligncenter size-large is-resized\"><img fetchpriority=\"high\" decoding=\"async\" width=\"576\" height=\"1024\" src=\"https:\/\/www.emartsoccer.es\/wp-content\/uploads\/2025\/10\/Primer_RFEF-576x1024.jpeg\" alt=\"\" class=\"wp-image-63709\" style=\"width:246px;height:auto\"\/><\/figure>\n<\/div>","protected":false},"excerpt":{"rendered":"<p>Emart&amp;Soccer destaca esta semana como Top-3 de la quinta jornada de Primera RFEF a Sara Balma, del SDF Real Betis Balompi\u00e9; a Ainhoa Guallar, vers\u00e1til extremo del Deportivo Alav\u00e9s; y a Adriana Parada, atacante de CDFF Osasuna Femenino. Sara Balma dio al SDF Real Betis Balompi\u00e9 su primera victoria del curso con un gran tanto [&hellip;]<\/p>\n","protected":false},"author":7,"featured_media":63711,"comment_status":"closed","ping_status":"closed","sticky":false,"template":"","format":"standard","meta":{"footnotes":""},"categories":[593],"tags":[837,860],"class_list":["post-63631","post","type-post","status-publish","format-standard","has-post-thumbnail","hentry","category-noticia-femenino","tag-adriana-parada","tag-sara-balma"],"_links":{"self":[{"href":"https:\/\/www.emartsoccer.es\/en\/wp-json\/wp\/v2\/posts\/63631","targetHints":{"allow":["GET"]}}],"collection":[{"href":"https:\/\/www.emartsoccer.es\/en\/wp-json\/wp\/v2\/posts"}],"about":[{"href":"https:\/\/www.emartsoccer.es\/en\/wp-json\/wp\/v2\/types\/post"}],"author":[{"embeddable":true,"href":"https:\/\/www.emartsoccer.es\/en\/wp-json\/wp\/v2\/users\/7"}],"replies":[{"embeddable":true,"href":"https:\/\/www.emartsoccer.es\/en\/wp-json\/wp\/v2\/comments?post=63631"}],"version-history":[{"count":3,"href":"https:\/\/www.emartsoccer.es\/en\/wp-json\/wp\/v2\/posts\/63631\/revisions"}],"predecessor-version":[{"id":63714,"href":"https:\/\/www.emartsoccer.es\/en\/wp-json\/wp\/v2\/posts\/63631\/revisions\/63714"}],"wp:featuredmedia":[{"embeddable":true,"href":"https:\/\/www.emartsoccer.es\/en\/wp-json\/wp\/v2\/media\/63711"}],"wp:attachment":[{"href":"https:\/\/www.emartsoccer.es\/en\/wp-json\/wp\/v2\/media?parent=63631"}],"wp:term":[{"taxonomy":"category","embeddable":true,"href":"https:\/\/www.emartsoccer.es\/en\/wp-json\/wp\/v2\/categories?post=63631"},{"taxonomy":"post_tag","embeddable":true,"href":"https:\/\/www.emartsoccer.es\/en\/wp-json\/wp\/v2\/tags?post=63631"}],"curies":[{"name":"wp","href":"https:\/\/api.w.org\/{rel}","templated":true}]}}