{"id":63612,"date":"2025-10-05T22:41:36","date_gmt":"2025-10-05T20:41:36","guid":{"rendered":"https:\/\/www.emartsoccer.es\/?p=63612"},"modified":"2025-10-05T22:41:38","modified_gmt":"2025-10-05T20:41:38","slug":"rafita-garrido-debuta-en-laliga-con-el-primer-equipo-del-malaga-cf","status":"publish","type":"post","link":"https:\/\/www.emartsoccer.es\/en\/rafita-garrido-debuta-en-laliga-con-el-primer-equipo-del-malaga-cf\/","title":{"rendered":"Rafita Garrido debuta en LaLiga con el primer equipo del M\u00e1laga CF"},"content":{"rendered":"\n<p>Nunca va a olvidar <strong>Rafita Garrido <\/strong>el 5 de octubre de 2025. Y eso que su equipo, el<strong> M\u00e1laga CF,<\/strong> cay\u00f3 con claridad en los <strong>Campos de Esport de El Sardinero <\/strong>ante el<strong> Real Racing Club<\/strong> (3-0), pero no todos los d\u00edas se debuta con el primer equipo en competici\u00f3n de <strong>LaLiga<\/strong>. Y<strong> Rafita tuvo sus primeros minutos en LaLiga Hypermotion.<\/strong><\/p>\n\n\n\n<p>En su sexta convocatoria con el primer equipo del <strong>M\u00e1laga CF<\/strong>, segunda de la temporada, Rafita pudo al tener su primera presencia oficial en<strong> LaLiga Hypermotion<\/strong>.<strong> Entr\u00f3 en el minuto 82 en sustituci\u00f3n de Gabilondo con el dorsal 31 a la espalda y ocup\u00f3 el lateral derecho<\/strong>, misma posici\u00f3n que ocupa en un <strong>Atl\u00e9tico Malague\u00f1o<\/strong> que compite en el grupo 4 de <strong>Segunda RFEF <\/strong>y en el que es pieza clave.<\/p>\n\n\n\n<p><strong>Rafita<\/strong>, que ya ha entrenado en varias ocasiones con el primer equipo del <strong>M\u00e1laga CF<\/strong>, al fin ha debutado. <strong>Con tan solo 20 a\u00f1os, el defensa disputa su tercera campa\u00f1a en el Atl\u00e9tico Malague\u00f1o y es uno de los futbolistas a tener en cuenta en el futuro para el club malacitano<\/strong>, al que lleg\u00f3 en el curso 2022-23 procedente del <strong>Juvenil A <\/strong>del <strong>San F\u00e9lix.<\/strong><\/p>\n\n\n\n<p>De este modo, <strong>Rafita<\/strong> ya ha dado un primer paso que se le estaba resistiendo, puesto que<strong> su primera citaci\u00f3n con el primer equipo fue hace dos campa\u00f1as para un duelo de la Copa del Rey<\/strong>. Ha tenido que seguir trabajando y esperar pacientemente para poder jugar en <strong>LaLiga Hypermotion.<\/strong> \u00a1Muchas felicidades, <strong>Rafita<\/strong>! \u00a1Esto solo es el principio! \u00a1A por m\u00e1s!<\/p>\n","protected":false},"excerpt":{"rendered":"<p>Nunca va a olvidar Rafita Garrido el 5 de octubre de 2025. Y eso que su equipo, el M\u00e1laga CF, cay\u00f3 con claridad en los Campos de Esport de El Sardinero ante el Real Racing Club (3-0), pero no todos los d\u00edas se debuta con el primer equipo en competici\u00f3n de LaLiga. Y Rafita tuvo [&hellip;]<\/p>\n","protected":false},"author":7,"featured_media":63615,"comment_status":"closed","ping_status":"closed","sticky":false,"template":"","format":"standard","meta":{"footnotes":""},"categories":[594],"tags":[856],"class_list":["post-63612","post","type-post","status-publish","format-standard","has-post-thumbnail","hentry","category-noticia-masculino","tag-rafita"],"_links":{"self":[{"href":"https:\/\/www.emartsoccer.es\/en\/wp-json\/wp\/v2\/posts\/63612","targetHints":{"allow":["GET"]}}],"collection":[{"href":"https:\/\/www.emartsoccer.es\/en\/wp-json\/wp\/v2\/posts"}],"about":[{"href":"https:\/\/www.emartsoccer.es\/en\/wp-json\/wp\/v2\/types\/post"}],"author":[{"embeddable":true,"href":"https:\/\/www.emartsoccer.es\/en\/wp-json\/wp\/v2\/users\/7"}],"replies":[{"embeddable":true,"href":"https:\/\/www.emartsoccer.es\/en\/wp-json\/wp\/v2\/comments?post=63612"}],"version-history":[{"count":1,"href":"https:\/\/www.emartsoccer.es\/en\/wp-json\/wp\/v2\/posts\/63612\/revisions"}],"predecessor-version":[{"id":63617,"href":"https:\/\/www.emartsoccer.es\/en\/wp-json\/wp\/v2\/posts\/63612\/revisions\/63617"}],"wp:featuredmedia":[{"embeddable":true,"href":"https:\/\/www.emartsoccer.es\/en\/wp-json\/wp\/v2\/media\/63615"}],"wp:attachment":[{"href":"https:\/\/www.emartsoccer.es\/en\/wp-json\/wp\/v2\/media?parent=63612"}],"wp:term":[{"taxonomy":"category","embeddable":true,"href":"https:\/\/www.emartsoccer.es\/en\/wp-json\/wp\/v2\/categories?post=63612"},{"taxonomy":"post_tag","embeddable":true,"href":"https:\/\/www.emartsoccer.es\/en\/wp-json\/wp\/v2\/tags?post=63612"}],"curies":[{"name":"wp","href":"https:\/\/api.w.org\/{rel}","templated":true}]}}