{"id":63429,"date":"2025-09-30T16:53:42","date_gmt":"2025-09-30T14:53:42","guid":{"rendered":"https:\/\/www.emartsoccer.es\/?p=63429"},"modified":"2025-09-30T16:53:45","modified_gmt":"2025-09-30T14:53:45","slug":"top-3-primera-rfef-jornada-4","status":"publish","type":"post","link":"https:\/\/www.emartsoccer.es\/en\/top-3-primera-rfef-jornada-4\/","title":{"rendered":"Top-3 Primera RFEF jornada 4"},"content":{"rendered":"\n<p>En esta jornada 4 de<strong> Primera RFEF<\/strong> destacamos por encima del resto en nuestro top-3 a <strong>Claudia Gallinas<\/strong>, que cuaj\u00f3 una buena actuaci\u00f3n en el empate sin goles del <strong>Club Atl\u00e9tico de Madrid B<\/strong> en el feudo del <strong>Real Oviedo <\/strong>(0-0); a <strong>Silvia Pe\u00f1alver<\/strong>, clave para aguantar las acometidas del <strong>Valencia F\u00e9minas<\/strong>; y a <strong>Elene Viles<\/strong>, que se desgast\u00f3 en el centro del campo del<strong> Deportivo Alav\u00e9s<\/strong> frente al <strong>CDFC CD Tenerife<\/strong>.<\/p>\n\n\n\n<p>Partido complicado para el <strong>Club Atl\u00e9tico de Madrid B<\/strong> en <strong>Oviedo<\/strong>, de esos de lucha y brega. Ah\u00ed brill\u00f3 especialmente <strong>Claudia Gallinas, que trabaj\u00f3 incansablemente de \u00e1rea a \u00e1rea, disputando y ganando la mayor\u00eda de los duelos.<\/strong><\/p>\n\n\n\n<p>Gran punto del <strong>SE AEM,<\/strong> que empat\u00f3 sin goles en la visita del <strong>Valencia F\u00e9minas<\/strong>, y de<strong> Silvia Pe\u00f1alver<\/strong>, clave para mantener la porter\u00eda a cero.<strong> La zaguera estuvo muy acertada en la marca y realizando grandes despejes, atenta siempre al juego.<\/strong> Tambi\u00e9n estuvo muy bien con bal\u00f3n, sac\u00e1ndolo limpio para iniciar el ataque con efectividad.<\/p>\n\n\n\n<p>La centrocampista <strong>Elene Viles<\/strong>, que esta campa\u00f1a se estrena en la medular del<strong> Deportivo Alav\u00e9s,<\/strong> disput\u00f3 un encuentro muy intenso en la victoria ante el<strong> CDFC CD Tenerife <\/strong>(2-0). <strong>Apret\u00f3 con fiereza tras p\u00e9rdida y manej\u00f3 el bal\u00f3n a su antojo para encerrar al rival en su propio campo.<\/strong><\/p>\n\n\n<div class=\"wp-block-image\">\n<figure class=\"aligncenter size-large is-resized\"><img fetchpriority=\"high\" decoding=\"async\" width=\"576\" height=\"1024\" src=\"https:\/\/www.emartsoccer.es\/wp-content\/uploads\/2025\/09\/primera_rfef-576x1024.jpeg\" alt=\"\" class=\"wp-image-63434\" style=\"width:276px;height:auto\"\/><\/figure>\n<\/div>","protected":false},"excerpt":{"rendered":"<p>En esta jornada 4 de Primera RFEF destacamos por encima del resto en nuestro top-3 a Claudia Gallinas, que cuaj\u00f3 una buena actuaci\u00f3n en el empate sin goles del Club Atl\u00e9tico de Madrid B en el feudo del Real Oviedo (0-0); a Silvia Pe\u00f1alver, clave para aguantar las acometidas del Valencia F\u00e9minas; y a Elene [&hellip;]<\/p>\n","protected":false},"author":7,"featured_media":63432,"comment_status":"closed","ping_status":"closed","sticky":false,"template":"","format":"standard","meta":{"footnotes":""},"categories":[593],"tags":[851,852,850],"class_list":["post-63429","post","type-post","status-publish","format-standard","has-post-thumbnail","hentry","category-noticia-femenino","tag-claudia-gallinas","tag-elene-viles","tag-silvia-penalver"],"_links":{"self":[{"href":"https:\/\/www.emartsoccer.es\/en\/wp-json\/wp\/v2\/posts\/63429","targetHints":{"allow":["GET"]}}],"collection":[{"href":"https:\/\/www.emartsoccer.es\/en\/wp-json\/wp\/v2\/posts"}],"about":[{"href":"https:\/\/www.emartsoccer.es\/en\/wp-json\/wp\/v2\/types\/post"}],"author":[{"embeddable":true,"href":"https:\/\/www.emartsoccer.es\/en\/wp-json\/wp\/v2\/users\/7"}],"replies":[{"embeddable":true,"href":"https:\/\/www.emartsoccer.es\/en\/wp-json\/wp\/v2\/comments?post=63429"}],"version-history":[{"count":1,"href":"https:\/\/www.emartsoccer.es\/en\/wp-json\/wp\/v2\/posts\/63429\/revisions"}],"predecessor-version":[{"id":63436,"href":"https:\/\/www.emartsoccer.es\/en\/wp-json\/wp\/v2\/posts\/63429\/revisions\/63436"}],"wp:featuredmedia":[{"embeddable":true,"href":"https:\/\/www.emartsoccer.es\/en\/wp-json\/wp\/v2\/media\/63432"}],"wp:attachment":[{"href":"https:\/\/www.emartsoccer.es\/en\/wp-json\/wp\/v2\/media?parent=63429"}],"wp:term":[{"taxonomy":"category","embeddable":true,"href":"https:\/\/www.emartsoccer.es\/en\/wp-json\/wp\/v2\/categories?post=63429"},{"taxonomy":"post_tag","embeddable":true,"href":"https:\/\/www.emartsoccer.es\/en\/wp-json\/wp\/v2\/tags?post=63429"}],"curies":[{"name":"wp","href":"https:\/\/api.w.org\/{rel}","templated":true}]}}